{"id":987525055,"date":"2017-06-26T03:41:35","date_gmt":"2017-06-26T02:41:35","guid":{"rendered":"https:\/\/p4h.world\/news\/cotonou-16-avril-2015-derniere-concertation-nationale-avant-finalisation-de-la-snfs-cu\/"},"modified":"2023-03-02T11:07:39","modified_gmt":"2023-03-02T10:07:39","slug":"cotonou-16-avril-2015-derniere-concertation-nationale-avant-finalisation-de-la-snfs-cu","status":"publish","type":"news","link":"https:\/\/p4h.world\/en\/news\/cotonou-16-avril-2015-derniere-concertation-nationale-avant-finalisation-de-la-snfs-cu\/","title":{"rendered":"Cotonou, 16 Avril 2015 : derni\u00e8re concertation nationale avant finalisation de la SNFS-CU"},"content":{"rendered":"<p>Le 5\u00e8me rencontre technique du SGTT-RAMU pour l&#8217;\u00e9laboration de la SNFS-CU au B\u00e9nin s&#8217;est tenue du 6 au 9 Avril 2015. Ainsi et sur la base de l&#8217;ensemble des travaux r\u00e9alis\u00e9s entre D\u00e9cembre 2013 et Avril 2015, la derni\u00e8re concertation pour la finalisation du document de strat\u00e9gie nationale a pu avoir lieu, le 16 Avril. Pr\u00e8s de 45 personnes (inclus le Minist\u00e8re de l&#8217;Economie et des Finances, le Minist\u00e8re du D\u00e9veloppement, les partenaires sociaux, les ONG, les PTFs&#8230;) se sont retrouv\u00e9s pour partager l&#8217;historique du processus, le contenu du document, ainsi que les objectifs fix\u00e9s pour les indicateurs principaux. Dans son allocution d&#8217;ouverture, Mme le Ministre annonce :<\/p>\n<p><span>&#8220;(&#8230;)<\/span><span> avec la volont\u00e9 d\u2019\u00eatre ambitieux mais r\u00e9aliste, <span>&nbsp;<\/span>nous projetons pour le passage de 2013 \u00e0 2022 de&nbsp;:<\/span><\/p>\n<p><span><span>&#8211;<span>&nbsp;&nbsp;&nbsp;&nbsp;&nbsp;&nbsp; <\/span><\/span><\/span><span>r\u00e9duire&nbsp;le paiement direct des m\u00e9nages dans le total des d\u00e9penses de sant\u00e9 de 41% en 2013 \u00e0 30% en 2022&nbsp;; <\/span><\/p>\n<p><span><span>&#8211;<span>&nbsp;&nbsp;&nbsp;&nbsp;&nbsp;&nbsp; <\/span><\/span><\/span><span>porter la part allou\u00e9e au Minist\u00e8re de la Sant\u00e9 dans le budget de l\u2019Etat de 6,7% en 2013 \u00e0 9% en 2022&nbsp;;<\/span><\/p>\n<p><span><span>&#8211;<span>&nbsp;&nbsp;&nbsp;&nbsp;&nbsp; <\/span><\/span><\/span><span>porter le taux de couverture de la population<span>&nbsp; <\/span>en Assurance Maladie de 08,4% en 2013 \u00e0 30% en 2022&nbsp;;<span>&nbsp; <\/span><span>&nbsp;<\/span><\/span><\/p>\n<p><span><span>&#8211;<span>&nbsp;&nbsp;&nbsp;&nbsp;&nbsp;&nbsp; <\/span><\/span><\/span><span>accro\u00eetre le financement public du RAMU de 4 milliards en 2013 \u00e0 26 milliards en 2022&nbsp;;<\/span><\/p>\n<p><span><span>&#8211;<span>&nbsp;&nbsp;&nbsp;&nbsp;&nbsp;&nbsp; <\/span><\/span><\/span><span>Amener la part des d\u00e9penses de sant\u00e9 du Gouvernement dans le PNB de 2,5% en 2013 \u00e0 4,2% en 2022.<\/span><\/p>\n<p>A l&#8217;issue de la rencontre, il est retenu que les propositions de s\u00e9ances seront int\u00e9gr\u00e9es au document, que la version finale de la SNFS-CU sera soumise aux participants par courriel le 23\/04, que ceux-ci auront jusqu&#8217;au 15 Mai 2015 pour r\u00e9agir. La strat\u00e9gie sera alors soumise \u00e0 signature.<\/p>\n<p>Mme le Ministre d\u00e9clare aussi, dans son allocution :<\/p>\n<p><span>&#8220;Je m\u2019engage \u00e0 transmettre la Strat\u00e9gie Nationale de Financement de la Sant\u00e9 en vue de la Couverture Universelle en Sant\u00e9, une fois vos travaux termin\u00e9s, au Gouvernement pour son adoption et son appropriation par la Haute Autorit\u00e9.&#8221;<\/span><\/p>\n<p>Pr\u00e9sentations (3) faites le 16 Avril 2015 :<\/p>\n<p><a href=\"\/wp-content\/uploads\/2014\/06\/Indicateurs-et-objectifs-20221.pptx\">Indicateurs et objectifs 2022<\/a> <a href=\"\/wp-content\/uploads\/2014\/06\/Processus-SNFS1.pptx\">Processus SNFS<\/a> <a href=\"\/wp-content\/uploads\/2014\/06\/pr\u00e9sentation-SNFS-CU-B\u00e9nin1.ppt\">pr\u00e9sentation SNFS-CU B\u00e9nin<\/a><\/p>\n<p>&nbsp;<\/p>\n","protected":false},"excerpt":{"rendered":"<p>Le 5\u00e8me rencontre technique du SGTT-RAMU pour l&#8217;\u00e9laboration de la SNFS-CU au B\u00e9nin s&#8217;est tenue du 6 au 9 Avril 2015. Ainsi et sur la base de l&#8217;ensemble des travaux r\u00e9alis\u00e9s entre D\u00e9cembre 2013 et Avril 2015, la derni\u00e8re concertation pour la finalisation du document de strat\u00e9gie nationale a pu avoir lieu, le 16 Avril&#8230;.<\/p>\n","protected":false},"author":116,"featured_media":0,"comment_status":"closed","ping_status":"closed","template":"","meta":{"_et_pb_use_builder":"","_et_pb_old_content":"","_et_gb_content_width":""},"categories":[],"tags":[118,123,127,132,133],"acf":[],"_links":{"self":[{"href":"https:\/\/p4h.world\/en\/wp-json\/wp\/v2\/news\/987525055"}],"collection":[{"href":"https:\/\/p4h.world\/en\/wp-json\/wp\/v2\/news"}],"about":[{"href":"https:\/\/p4h.world\/en\/wp-json\/wp\/v2\/types\/news"}],"author":[{"embeddable":true,"href":"https:\/\/p4h.world\/en\/wp-json\/wp\/v2\/users\/116"}],"replies":[{"embeddable":true,"href":"https:\/\/p4h.world\/en\/wp-json\/wp\/v2\/comments?post=987525055"}],"version-history":[{"count":0,"href":"https:\/\/p4h.world\/en\/wp-json\/wp\/v2\/news\/987525055\/revisions"}],"wp:attachment":[{"href":"https:\/\/p4h.world\/en\/wp-json\/wp\/v2\/media?parent=987525055"}],"wp:term":[{"taxonomy":"category","embeddable":true,"href":"https:\/\/p4h.world\/en\/wp-json\/wp\/v2\/categories?post=987525055"},{"taxonomy":"post_tag","embeddable":true,"href":"https:\/\/p4h.world\/en\/wp-json\/wp\/v2\/tags?post=987525055"}],"curies":[{"name":"wp","href":"https:\/\/api.w.org\/{rel}","templated":true}]}}