{"id":987728678,"date":"2024-10-24T15:57:40","date_gmt":"2024-10-24T14:57:40","guid":{"rendered":"https:\/\/p4h.world\/?post_type=news&#038;p=987728678"},"modified":"2024-10-24T15:57:56","modified_gmt":"2024-10-24T14:57:56","slug":"european-public-health-conference-tackling-health-inequalities-in-times-of-crisis","status":"publish","type":"news","link":"https:\/\/p4h.world\/en\/news\/european-public-health-conference-tackling-health-inequalities-in-times-of-crisis\/","title":{"rendered":"European Public Health Conference: Tackling health inequalities in times of crisis"},"content":{"rendered":"<p>[et_pb_section fb_built=&#8221;1&#8243; admin_label=&#8221;!!! PLEASE DO NOT EDIT !!!&#8221; _builder_version=&#8221;4.19.5&#8243; _module_preset=&#8221;default&#8221; global_colors_info=&#8221;{}&#8221;][et_pb_row admin_label=&#8221;!!! PLEASE DO NOT EDIT !!!&#8221; _builder_version=&#8221;4.19.5&#8243; _module_preset=&#8221;default&#8221; global_colors_info=&#8221;{}&#8221;][et_pb_column type=&#8221;4_4&#8243; _builder_version=&#8221;4.19.5&#8243; _module_preset=&#8221;default&#8221; global_colors_info=&#8221;{}&#8221;][et_pb_text admin_label=&#8221;TO BE EDITED &#8211; SUMMARY &#8211; Click on the WHEEL icon to open the textarea where you can paste or type your summary. The summary condenses the main points for the news that starts below. The summary is in bold and not longer than 300 characters, including spaces. The counter at the bottom can help.&#8221; _builder_version=&#8221;4.21.0&#8243; _module_preset=&#8221;default&#8221; custom_padding=&#8221;||20px||false|false&#8221; global_colors_info=&#8221;{}&#8221;]<\/p>\n<p><strong>On 14 November 2024, EuroHealthNet is organising a plenary on Tackling health inequalities in times of crisis at the European Public Health Conference.<\/strong><\/p>\n<p>[\/et_pb_text][et_pb_text admin_label=&#8221;TO BE EDITED &#8211; TEXT OF THE NEWS &#8211; BLOCK 1 &#8211; Click on the WHEEL icon to open the textarea where you can paste or type your news. PLEASE USE ONLY THE FEATURED IMAGE FUNCTION on your right column to add the image.&#8221; _builder_version=&#8221;4.21.0&#8243; _module_preset=&#8221;default&#8221; custom_padding=&#8221;||1em||false|false&#8221; global_colors_info=&#8221;{}&#8221;]<\/p>\n<div class=\"flex max-w-full flex-col flex-grow\">\n<div class=\"min-h-8 text-message flex w-full flex-col items-end gap-2 whitespace-normal break-words [.text-message+&amp;]:mt-5\" dir=\"auto\" data-message-author-role=\"assistant\" data-message-id=\"c9cd5613-3f8f-490f-afd6-2e773c3f6b8e\" data-message-model-slug=\"gpt-4o\">\n<div class=\"flex w-full flex-col gap-1 empty:hidden first:pt-[3px]\">\n<div class=\"markdown prose w-full break-words dark:prose-invert light\">\n<p>Join <em>Plenary 3: <\/em>Tackling Health Inequalities in Times of Crisis on Thursday, 14 November, from 10:30 to 11:30 Lisbon time (UTC). Organized by EuroHealthNet, this session will explore how crises\u2014from the cost of living to climate change\u2014worsen health inequalities across Europe. Experts will discuss innovative solutions to ensure equitable health and social justice. Moderated by Caroline Costongs and Cristina Abreu Santos, keynotes include Professor Fran Baum and Katarina Ivankovi\u0107 Kne\u017eevi\u0107, with insights from Didier Jourdan and Jill Litt. Don\u2019t miss this vital discussion on addressing health inequalities in challenging times.<\/p>\n<\/div>\n<\/div>\n<\/div>\n<\/div>\n<p>[\/et_pb_text][et_pb_text admin_label=&#8221;TO BE EDITED &#8211; TEXT OF THE NEWS &#8211; BLOCK 2 &#8211; Click on the WHEEL icon to open the textarea where you can paste or type your news. PLEASE USE ONLY THE FEATURED IMAGE FUNCTION on your right column to add the image.&#8221; _builder_version=&#8221;4.21.0&#8243; _module_preset=&#8221;default&#8221; global_colors_info=&#8221;{}&#8221;][\/et_pb_text][\/et_pb_column][\/et_pb_row][\/et_pb_section]<\/p>\n","protected":false},"excerpt":{"rendered":"<p>On 14 November 2024, EuroHealthNet is organising a plenary on Tackling health inequalities in times of crisis at the European Public Health Conference. Join Plenary 3: Tackling Health Inequalities in Times of Crisis on Thursday, 14 November, from 10:30 to 11:30 Lisbon time (UTC). Organized by EuroHealthNet, this session will explore how crises\u2014from the cost&#8230;<\/p>\n","protected":false},"author":559,"featured_media":987728692,"comment_status":"closed","ping_status":"closed","template":"","meta":{"_et_pb_use_builder":"on","_et_pb_old_content":"","_et_gb_content_width":""},"categories":[],"tags":[3024,3046,127],"acf":[],"_links":{"self":[{"href":"https:\/\/p4h.world\/en\/wp-json\/wp\/v2\/news\/987728678"}],"collection":[{"href":"https:\/\/p4h.world\/en\/wp-json\/wp\/v2\/news"}],"about":[{"href":"https:\/\/p4h.world\/en\/wp-json\/wp\/v2\/types\/news"}],"author":[{"embeddable":true,"href":"https:\/\/p4h.world\/en\/wp-json\/wp\/v2\/users\/559"}],"replies":[{"embeddable":true,"href":"https:\/\/p4h.world\/en\/wp-json\/wp\/v2\/comments?post=987728678"}],"version-history":[{"count":5,"href":"https:\/\/p4h.world\/en\/wp-json\/wp\/v2\/news\/987728678\/revisions"}],"predecessor-version":[{"id":987728696,"href":"https:\/\/p4h.world\/en\/wp-json\/wp\/v2\/news\/987728678\/revisions\/987728696"}],"wp:featuredmedia":[{"embeddable":true,"href":"https:\/\/p4h.world\/en\/wp-json\/wp\/v2\/media\/987728692"}],"wp:attachment":[{"href":"https:\/\/p4h.world\/en\/wp-json\/wp\/v2\/media?parent=987728678"}],"wp:term":[{"taxonomy":"category","embeddable":true,"href":"https:\/\/p4h.world\/en\/wp-json\/wp\/v2\/categories?post=987728678"},{"taxonomy":"post_tag","embeddable":true,"href":"https:\/\/p4h.world\/en\/wp-json\/wp\/v2\/tags?post=987728678"}],"curies":[{"name":"wp","href":"https:\/\/api.w.org\/{rel}","templated":true}]}}