{"id":987633457,"date":"2022-05-20T03:06:18","date_gmt":"2022-05-20T02:06:18","guid":{"rendered":"https:\/\/p4h.world\/news\/la-inversion-sanitaria-turca-demostro-su-capacidad-en-medio-del-brote-direccion-de-comunicacion-de-la-presidencia\/"},"modified":"2022-05-20T03:06:18","modified_gmt":"2022-05-20T02:06:18","slug":"la-inversion-sanitaria-turca-demostro-su-capacidad-en-medio-del-brote-direccion-de-comunicacion-de-la-presidencia","status":"publish","type":"news","link":"https:\/\/p4h.world\/es\/news\/la-inversion-sanitaria-turca-demostro-su-capacidad-en-medio-del-brote-direccion-de-comunicacion-de-la-presidencia\/","title":{"rendered":"La inversi\u00f3n sanitaria turca demostr\u00f3 su capacidad en medio del brote: Direcci\u00f3n de Comunicaci\u00f3n de la Presidencia"},"content":{"rendered":"<p>El Gobierno turco lleva a\u00f1os invirtiendo en el sector<a href=\"https:\/\/www.hurriyetdailynews.com\/index\/healthcare\">sanitario<\/a>&nbsp;<a href=\"https:\/\/www.hurriyetdailynews.com\/index\/healthcare\">&nbsp; para mejorar su capacidad, y estas inversiones han dado sus frutos en la lucha contra el<\/a><a href=\"https:\/\/www.hurriyetdailynews.com\/index\/coronavirus\">coronavirus<\/a>&nbsp;<a href=\"https:\/\/www.hurriyetdailynews.com\/index\/coronavirus\">, declar\u00f3 el 19 de abril el Director de Comunicaciones de la Presidencia&nbsp; Fahrettin<\/a><a href=\"https:\/\/www.hurriyetdailynews.com\/index\/fahrettin-altun\">Altun<\/a>&nbsp;.<\/p>\n<p>A\u00f1os de inversi\u00f3n en el sistema sanitario, esfuerzos de diagn\u00f3stico y tratamiento precoces y agresivos, movilizaci\u00f3n de recursos p\u00fablicos, sentido com\u00fan de la poblaci\u00f3n y liderazgo pol\u00edtico han hecho posible que la tasa de mortalidad en Turqu\u00eda sea una de las m\u00e1s bajas del mundo, afirm\u00f3.<\/p>\n<p>Mientras Turqu\u00eda ha tenido que librar una guerra contra una pandemia mundial, sus reformas estructurales internas han continuado y su parlamento ha trabajado sin descanso para aprobar las medidas legislativas necesarias hacia la cobertura sanitaria universal.<\/p>\n<p><em>Lea el art\u00edculo completo publicado originalmente en <a href=\"https:\/\/www.hurriyetdailynews.com\/turkeys-healthcare-investment-proved-its-capacity-amid-outbreak-presidential-communications-directorate-154006\">el Hurriyet Daily News AQU\u00cd<\/a><\/em><\/p>\n<p><em>\u00bfTiene algo que decir sobre la financiaci\u00f3n sanitaria y la protecci\u00f3n social de la salud en Turqu\u00eda para COVID-19? H\u00e1ganoslo saber en la secci\u00f3n de comentarios.<\/em><\/p>\n<p><sup><em>Imagen del art\u00edculo original<\/em><\/sup><\/p>\n","protected":false},"excerpt":{"rendered":"<p>El Gobierno turco lleva a\u00f1os invirtiendo en el sectorsanitario&nbsp;&nbsp; para mejorar su capacidad, y estas inversiones han dado sus frutos en la lucha contra elcoronavirus&nbsp;, declar\u00f3 el 19 de abril el Director de Comunicaciones de la Presidencia&nbsp; FahrettinAltun&nbsp;. A\u00f1os de inversi\u00f3n en el sistema sanitario, esfuerzos de diagn\u00f3stico y tratamiento precoces y agresivos, movilizaci\u00f3n de&#8230;<\/p>\n","protected":false},"author":559,"featured_media":987532300,"comment_status":"closed","ping_status":"closed","template":"","meta":{"_et_pb_use_builder":"","_et_pb_old_content":"","_et_gb_content_width":""},"categories":[],"tags":[2482,2434],"acf":[],"_links":{"self":[{"href":"https:\/\/p4h.world\/es\/wp-json\/wp\/v2\/news\/987633457"}],"collection":[{"href":"https:\/\/p4h.world\/es\/wp-json\/wp\/v2\/news"}],"about":[{"href":"https:\/\/p4h.world\/es\/wp-json\/wp\/v2\/types\/news"}],"author":[{"embeddable":true,"href":"https:\/\/p4h.world\/es\/wp-json\/wp\/v2\/users\/559"}],"replies":[{"embeddable":true,"href":"https:\/\/p4h.world\/es\/wp-json\/wp\/v2\/comments?post=987633457"}],"version-history":[{"count":0,"href":"https:\/\/p4h.world\/es\/wp-json\/wp\/v2\/news\/987633457\/revisions"}],"wp:featuredmedia":[{"embeddable":true,"href":"https:\/\/p4h.world\/es\/wp-json\/wp\/v2\/media\/987532300"}],"wp:attachment":[{"href":"https:\/\/p4h.world\/es\/wp-json\/wp\/v2\/media?parent=987633457"}],"wp:term":[{"taxonomy":"category","embeddable":true,"href":"https:\/\/p4h.world\/es\/wp-json\/wp\/v2\/categories?post=987633457"},{"taxonomy":"post_tag","embeddable":true,"href":"https:\/\/p4h.world\/es\/wp-json\/wp\/v2\/tags?post=987633457"}],"curies":[{"name":"wp","href":"https:\/\/api.w.org\/{rel}","templated":true}]}}