{"id":987636168,"date":"2019-10-14T07:22:52","date_gmt":"2019-10-14T06:22:52","guid":{"rendered":"https:\/\/p4h.world\/news\/p4hc-reunion-ordinaria-18-09-2019\/"},"modified":"2019-10-14T07:22:52","modified_gmt":"2019-10-14T06:22:52","slug":"p4hc-reunion-ordinaria-18-09-2019","status":"publish","type":"news","link":"https:\/\/p4h.world\/es\/news\/p4hc-reunion-ordinaria-18-09-2019\/","title":{"rendered":"P4HC+ Reuni\u00f3n ordinaria 18\/09\/2019"},"content":{"rendered":"<p>Orden del d\u00eda:<\/p>\n<ul>\n<li><span><span><span><span lang=\"EN-GB\">Las sesiones informativas sobre:<\/span><\/span><\/span><\/span>\n<ul>\n<li><span><span><span><span lang=\"EN-GB\">Seguimiento de la cobertura sanitaria universal  [Erik and Bart]<\/span><\/span><\/span><\/span><\/li>\n<li><span><span><span><span lang=\"EN-GB\">OIT\/UNICEF&nbsp;<\/span><span>Proyecto para reforzar las sinergias entre la protecci\u00f3n social y la gesti\u00f3n de las finanzas p\u00fablicas  [Malika]<\/span><\/span><\/span><\/span><\/li>\n<li><span><span><span><span lang=\"EN-GB\">Alineaci\u00f3n Plataformas y sistemas nacionales de financiaci\u00f3n del Fondo Mundial  [Robert]<\/span><\/span><\/span><\/span><\/li>\n<li><span><span><span><span lang=\"EN-GB\">P4HC+ como plataforma de donantes con la SG NSPC para cuestiones de protecci\u00f3n sociosanitaria  [Bart]<\/span><\/span><\/span><\/span><\/li>\n<\/ul>\n<\/li>\n<li><span><span><span lang=\"EN-GB\">Presentaci\u00f3n sobre la formulaci\u00f3n del paquete de prestaciones esenciales  [Erik and\/or Zina]<\/span><\/span><\/span><\/li>\n<li><span><span><span lang=\"EN-GB\">Debate abierto sobre el compromiso de los socios de P4HC+ con los preparativos del plan estrat\u00e9gico de salud  [partners]<\/span><\/span><\/span><\/li>\n<\/ul>\n<p><span lang=\"EN-GB\"><span><span>Otros asuntos  <\/span><\/span><\/span><\/p>\n<p><b>Hora del evento : <\/b>18 sep 2019 13:00 to 18 sep 2019 14:30<br \/><b>Zona horaria: <\/b>UTC+07:00<br \/>El <b>evento es una conferencia : <\/b>No<\/p>\n","protected":false},"excerpt":{"rendered":"<p>Orden del d\u00eda: Las sesiones informativas sobre: Seguimiento de la cobertura sanitaria universal [Erik and Bart] OIT\/UNICEF&nbsp;Proyecto para reforzar las sinergias entre la protecci\u00f3n social y la gesti\u00f3n de las finanzas p\u00fablicas [Malika] Alineaci\u00f3n Plataformas y sistemas nacionales de financiaci\u00f3n del Fondo Mundial [Robert] P4HC+ como plataforma de donantes con la SG NSPC para cuestiones&#8230;<\/p>\n","protected":false},"author":1917,"featured_media":0,"comment_status":"closed","ping_status":"closed","template":"","meta":{"_et_pb_use_builder":"","_et_pb_old_content":"","_et_gb_content_width":""},"categories":[],"tags":[2368,2435,2385,2362],"acf":[],"_links":{"self":[{"href":"https:\/\/p4h.world\/es\/wp-json\/wp\/v2\/news\/987636168"}],"collection":[{"href":"https:\/\/p4h.world\/es\/wp-json\/wp\/v2\/news"}],"about":[{"href":"https:\/\/p4h.world\/es\/wp-json\/wp\/v2\/types\/news"}],"author":[{"embeddable":true,"href":"https:\/\/p4h.world\/es\/wp-json\/wp\/v2\/users\/1917"}],"replies":[{"embeddable":true,"href":"https:\/\/p4h.world\/es\/wp-json\/wp\/v2\/comments?post=987636168"}],"version-history":[{"count":0,"href":"https:\/\/p4h.world\/es\/wp-json\/wp\/v2\/news\/987636168\/revisions"}],"wp:attachment":[{"href":"https:\/\/p4h.world\/es\/wp-json\/wp\/v2\/media?parent=987636168"}],"wp:term":[{"taxonomy":"category","embeddable":true,"href":"https:\/\/p4h.world\/es\/wp-json\/wp\/v2\/categories?post=987636168"},{"taxonomy":"post_tag","embeddable":true,"href":"https:\/\/p4h.world\/es\/wp-json\/wp\/v2\/tags?post=987636168"}],"curies":[{"name":"wp","href":"https:\/\/api.w.org\/{rel}","templated":true}]}}