{"id":987636640,"date":"2017-12-12T03:40:31","date_gmt":"2017-12-12T02:40:31","guid":{"rendered":"https:\/\/p4h.world\/news\/iniciativa-del-piso-de-proteccion-social-manual-y-marco-estrategico-para-las-operaciones-conjuntas-de-las-naciones-unidas-en-los-paises\/"},"modified":"2017-12-12T03:40:31","modified_gmt":"2017-12-12T02:40:31","slug":"iniciativa-del-piso-de-proteccion-social-manual-y-marco-estrategico-para-las-operaciones-conjuntas-de-las-naciones-unidas-en-los-paises","status":"publish","type":"news","link":"https:\/\/p4h.world\/es\/news\/iniciativa-del-piso-de-proteccion-social-manual-y-marco-estrategico-para-las-operaciones-conjuntas-de-las-naciones-unidas-en-los-paises\/","title":{"rendered":"Iniciativa del Piso de Protecci\u00f3n Social: Manual y marco estrat\u00e9gico para las operaciones conjuntas de las Naciones Unidas en los pa\u00edses"},"content":{"rendered":"<p><strong>Descripci\u00f3n breve<\/strong><br \/>\nEste manual ofrece orientaci\u00f3n para un Enfoque de Piso de Protecci\u00f3n Social que incluya la protecci\u00f3n de la salud a nivel de pa\u00eds, liderado por los gobiernos con el apoyo del sistema de las Naciones Unidas y otras agencias colaboradoras con el objetivo de apoyar las pol\u00edticas de protecci\u00f3n social existentes o definir e implementar pol\u00edticas de protecci\u00f3n social sostenibles.<\/p>\n<p><strong>Prop\u00f3sito<\/strong><br \/>\nEl manual ofrece una visi\u00f3n general de los pasos a seguir y las herramientas a utilizar para las operaciones nacionales de los organismos de la ONU y otras instituciones que puedan querer sumarse a las iniciativas del PPS.<\/p>\n<p><strong>Metodolog\u00eda y tipo de datos necesarios<\/strong><br \/>\n&#8211;<\/p>\n<p><strong>Usuarios \/ P\u00fablico destinatario<\/strong><br \/>\nProfesionales, responsables pol\u00edticos<\/p>\n<p><strong>Organizaci\u00f3n<\/strong><br \/>\nOrganizaci\u00f3n Internacional del Trabajo (OIT)<\/p>\n<p><strong>P\u00f3ngase en contacto con<\/strong><br \/>\n<a href=\"mailto:socpro@ilo.org\" target=\"_blank\" rel=\"noopener\">socpro@ilo.org<\/a><\/p>\n<p><strong>P\u00e1gina web<\/strong><br \/>\n<a href=\"http:\/\/www.social-protection.org\/gimi\/gess\/ShowRessource.action?ressource.ressourceId=14484\" target=\"_blank\" rel=\"noopener\">http:\/\/www.social-protection.org\/gimi\/gess\/ShowRessource.action?ressource.ressourceId=14484<\/a><\/p>\n<p><strong>Palabras clave<\/strong><br \/>\nIniciativa para un nivel m\u00ednimo de protecci\u00f3n social<br \/>\n&nbsp;<\/p>\n","protected":false},"excerpt":{"rendered":"<p>Descripci\u00f3n breve Este manual ofrece orientaci\u00f3n para un Enfoque de Piso de Protecci\u00f3n Social que incluya la protecci\u00f3n de la salud a nivel de pa\u00eds, liderado por los gobiernos con el apoyo del sistema de las Naciones Unidas y otras agencias colaboradoras con el objetivo de apoyar las pol\u00edticas de protecci\u00f3n social existentes o definir&#8230;<\/p>\n","protected":false},"author":116,"featured_media":0,"comment_status":"closed","ping_status":"closed","template":"","meta":{"_et_pb_use_builder":"","_et_pb_old_content":"","_et_gb_content_width":""},"categories":[],"tags":[2374,2635],"acf":[],"_links":{"self":[{"href":"https:\/\/p4h.world\/es\/wp-json\/wp\/v2\/news\/987636640"}],"collection":[{"href":"https:\/\/p4h.world\/es\/wp-json\/wp\/v2\/news"}],"about":[{"href":"https:\/\/p4h.world\/es\/wp-json\/wp\/v2\/types\/news"}],"author":[{"embeddable":true,"href":"https:\/\/p4h.world\/es\/wp-json\/wp\/v2\/users\/116"}],"replies":[{"embeddable":true,"href":"https:\/\/p4h.world\/es\/wp-json\/wp\/v2\/comments?post=987636640"}],"version-history":[{"count":0,"href":"https:\/\/p4h.world\/es\/wp-json\/wp\/v2\/news\/987636640\/revisions"}],"wp:attachment":[{"href":"https:\/\/p4h.world\/es\/wp-json\/wp\/v2\/media?parent=987636640"}],"wp:term":[{"taxonomy":"category","embeddable":true,"href":"https:\/\/p4h.world\/es\/wp-json\/wp\/v2\/categories?post=987636640"},{"taxonomy":"post_tag","embeddable":true,"href":"https:\/\/p4h.world\/es\/wp-json\/wp\/v2\/tags?post=987636640"}],"curies":[{"name":"wp","href":"https:\/\/api.w.org\/{rel}","templated":true}]}}