{"id":987636920,"date":"2015-01-15T02:50:44","date_gmt":"2015-01-15T01:50:44","guid":{"rendered":"https:\/\/p4h.world\/news\/curso-sobre-financiacion-sanitaria-para-la-cobertura-sanitaria-universal-en-yemen-un-curso-de-la-oms-impartido-en-colaboracion-con-la-giz\/"},"modified":"2015-01-15T02:50:44","modified_gmt":"2015-01-15T01:50:44","slug":"curso-sobre-financiacion-sanitaria-para-la-cobertura-sanitaria-universal-en-yemen-un-curso-de-la-oms-impartido-en-colaboracion-con-la-giz","status":"publish","type":"news","link":"https:\/\/p4h.world\/es\/news\/curso-sobre-financiacion-sanitaria-para-la-cobertura-sanitaria-universal-en-yemen-un-curso-de-la-oms-impartido-en-colaboracion-con-la-giz\/","title":{"rendered":"Curso sobre financiaci\u00f3n sanitaria para la cobertura sanitaria universal en Yemen &#8211; Un curso de la OMS impartido en colaboraci\u00f3n con la GIZ"},"content":{"rendered":"<p>25 participantes en representaci\u00f3n del Ministerio de Sanidad, el Ministerio de Finanzas, el Ministerio de Planificaci\u00f3n, el Ministerio de Trabajo, el SHI y el mundo acad\u00e9mico asisten al curso sobre financiaci\u00f3n sanitaria impartido por la OMS en El Cairo en colaboraci\u00f3n con la GIZ.<\/p>\n<p><a href=\"\/wp-content\/uploads\/2014\/06\/Programme-14Jan-2015.pdf\">Programa &#8211; 14Jan 2015<\/a><\/p>\n<p><a href=\"\/wp-content\/uploads\/2014\/06\/List_Participants_14-1-2015.pdf\">List_Participants_14-1-2015<\/a><\/p>\n<p><a href=\"\/wp-content\/uploads\/2014\/06\/DSC4585.jpg\"><img decoding=\"async\" loading=\"lazy\" class=\"alignnone size-medium wp-image-7319\" alt=\"DSC4585\" src=\"\/wp-content\/uploads\/2014\/06\/DSC4585-300x200.jpg\" width=\"300\" height=\"200\"><\/a><\/p>\n","protected":false},"excerpt":{"rendered":"<p>25 participantes en representaci\u00f3n del Ministerio de Sanidad, el Ministerio de Finanzas, el Ministerio de Planificaci\u00f3n, el Ministerio de Trabajo, el SHI y el mundo acad\u00e9mico asisten al curso sobre financiaci\u00f3n sanitaria impartido por la OMS en El Cairo en colaboraci\u00f3n con la GIZ. Programa &#8211; 14Jan 2015 List_Participants_14-1-2015<\/p>\n","protected":false},"author":1352,"featured_media":0,"comment_status":"closed","ping_status":"closed","template":"","meta":{"_et_pb_use_builder":"","_et_pb_old_content":"","_et_gb_content_width":""},"categories":[],"tags":[2374],"acf":[],"_links":{"self":[{"href":"https:\/\/p4h.world\/es\/wp-json\/wp\/v2\/news\/987636920"}],"collection":[{"href":"https:\/\/p4h.world\/es\/wp-json\/wp\/v2\/news"}],"about":[{"href":"https:\/\/p4h.world\/es\/wp-json\/wp\/v2\/types\/news"}],"author":[{"embeddable":true,"href":"https:\/\/p4h.world\/es\/wp-json\/wp\/v2\/users\/1352"}],"replies":[{"embeddable":true,"href":"https:\/\/p4h.world\/es\/wp-json\/wp\/v2\/comments?post=987636920"}],"version-history":[{"count":0,"href":"https:\/\/p4h.world\/es\/wp-json\/wp\/v2\/news\/987636920\/revisions"}],"wp:attachment":[{"href":"https:\/\/p4h.world\/es\/wp-json\/wp\/v2\/media?parent=987636920"}],"wp:term":[{"taxonomy":"category","embeddable":true,"href":"https:\/\/p4h.world\/es\/wp-json\/wp\/v2\/categories?post=987636920"},{"taxonomy":"post_tag","embeddable":true,"href":"https:\/\/p4h.world\/es\/wp-json\/wp\/v2\/tags?post=987636920"}],"curies":[{"name":"wp","href":"https:\/\/api.w.org\/{rel}","templated":true}]}}