{"id":987650299,"date":"2023-03-02T11:09:06","date_gmt":"2023-03-02T10:09:06","guid":{"rendered":"https:\/\/p4h.world\/news\/interes-del-gfatm-en-convertirse-en-miembro-de-p4h-para-la-colaboracion-tematica\/"},"modified":"2024-08-27T12:34:59","modified_gmt":"2024-08-27T11:34:59","slug":"interes-del-gfatm-en-convertirse-en-miembro-de-p4h-para-la-colaboracion-tematica","status":"publish","type":"news","link":"https:\/\/p4h.world\/es\/news\/interes-del-gfatm-en-convertirse-en-miembro-de-p4h-para-la-colaboracion-tematica\/","title":{"rendered":"El Fondo Mundial de Lucha contra el SIDA, la Tuberculosis y la Malaria est\u00e1 interesado en convertirse en miembro de P4H"},"content":{"rendered":"<p>[et_pb_section fb_built=&#8221;1&#8243; _builder_version=&#8221;4.16&#8243; global_colors_info=&#8221;{}&#8221;][et_pb_row _builder_version=&#8221;4.16&#8243; background_size=&#8221;initial&#8221; background_position=&#8221;top_left&#8221; background_repeat=&#8221;repeat&#8221; global_colors_info=&#8221;{}&#8221;][et_pb_column type=&#8221;4_4&#8243; _builder_version=&#8221;4.16&#8243; custom_padding=&#8221;|||&#8221; global_colors_info=&#8221;{}&#8221; custom_padding__hover=&#8221;|||&#8221;][et_pb_text _builder_version=&#8221;4.21.0&#8243; background_size=&#8221;initial&#8221; background_position=&#8221;top_left&#8221; background_repeat=&#8221;repeat&#8221; hover_enabled=&#8221;0&#8243; global_colors_info=&#8221;{}&#8221; sticky_enabled=&#8221;0&#8243;]<\/p>\n<p>Correo de Christoph Benn (Fondo Mundial) a David Evans (OMS, P4H-SG) el 19 de marzo de 2014<\/p>\n<p>&#8211; &#8211; &#8211;<\/p>\n<p>Querido David,<\/p>\n<p>Fue un placer estar en la conferencia telef\u00f3nica con usted a principios de esta semana. Hoy me dirijo a usted para expresarle el inter\u00e9s del Fondo Mundial en convertirse en &#8220;Miembro Colaborador Tem\u00e1tico&#8221; de la red P4H. He seguido la importante labor de la iniciativa P4H desde su creaci\u00f3n en 2007 y creemos que ser\u00eda de inter\u00e9s mutuo convertirnos formalmente en miembros de la red.<\/p>\n<p>D\u00edgame si es necesario realizar alg\u00fan otro tr\u00e1mite. Por lo dem\u00e1s, estamos deseando trabajar con usted y su equipo en el tema crucial de la protecci\u00f3n de la salud.<\/p>\n<p>Saludos cordiales,<br \/>Christoph<\/p>\n<p style=\"font-weight: 400;\">Christoph Benn<br \/>Director de Relaciones Exteriores<br \/>El Fondo Mundial de Lucha contra el SIDA, la Tuberculosis y la Malaria<\/p>\n<p>[\/et_pb_text][\/et_pb_column][\/et_pb_row][\/et_pb_section]<\/p>\n","protected":false},"excerpt":{"rendered":"<p>Correo de Christoph Benn (Fondo Mundial) a David Evans (OMS, P4H-SG) el 19 de marzo de 2014 &#8211; &#8211; &#8211; Querido David, Fue un placer estar en la conferencia telef\u00f3nica con usted a principios de esta semana. Hoy me dirijo a usted para expresarle el inter\u00e9s del Fondo Mundial en convertirse en &#8220;Miembro Colaborador Tem\u00e1tico&#8221;&#8230;<\/p>\n","protected":false},"author":1362,"featured_media":0,"comment_status":"closed","ping_status":"closed","template":"","meta":{"_et_pb_use_builder":"on","_et_pb_old_content":"","_et_gb_content_width":""},"categories":[2430],"tags":[],"acf":[],"_links":{"self":[{"href":"https:\/\/p4h.world\/es\/wp-json\/wp\/v2\/news\/987650299"}],"collection":[{"href":"https:\/\/p4h.world\/es\/wp-json\/wp\/v2\/news"}],"about":[{"href":"https:\/\/p4h.world\/es\/wp-json\/wp\/v2\/types\/news"}],"author":[{"embeddable":true,"href":"https:\/\/p4h.world\/es\/wp-json\/wp\/v2\/users\/1362"}],"replies":[{"embeddable":true,"href":"https:\/\/p4h.world\/es\/wp-json\/wp\/v2\/comments?post=987650299"}],"version-history":[{"count":3,"href":"https:\/\/p4h.world\/es\/wp-json\/wp\/v2\/news\/987650299\/revisions"}],"predecessor-version":[{"id":987715163,"href":"https:\/\/p4h.world\/es\/wp-json\/wp\/v2\/news\/987650299\/revisions\/987715163"}],"wp:attachment":[{"href":"https:\/\/p4h.world\/es\/wp-json\/wp\/v2\/media?parent=987650299"}],"wp:term":[{"taxonomy":"category","embeddable":true,"href":"https:\/\/p4h.world\/es\/wp-json\/wp\/v2\/categories?post=987650299"},{"taxonomy":"post_tag","embeddable":true,"href":"https:\/\/p4h.world\/es\/wp-json\/wp\/v2\/tags?post=987650299"}],"curies":[{"name":"wp","href":"https:\/\/api.w.org\/{rel}","templated":true}]}}