{"id":987653164,"date":"2021-08-23T03:18:02","date_gmt":"2021-08-23T02:18:02","guid":{"rendered":"https:\/\/p4h.world\/news\/burkina-faso-csu-las-osc-debaten-en-uagadugu\/"},"modified":"2021-08-23T03:18:02","modified_gmt":"2021-08-23T02:18:02","slug":"burkina-faso-csu-las-osc-debaten-en-uagadugu","status":"publish","type":"news","link":"https:\/\/p4h.world\/es\/news\/burkina-faso-csu-las-osc-debaten-en-uagadugu\/","title":{"rendered":"Burkina Faso-CSU: las OSC debaten en Uagadug\u00fa"},"content":{"rendered":"<p>La Red de Acceso a los Medicamentos Esenciales (RAME) organiz\u00f3 el mi\u00e9rcoles 4 de agosto de 2021 en Uagadug\u00fa una reuni\u00f3n de la sociedad civil sobre la cobertura sanitaria universal (CSU). Esta reuni\u00f3n es una oportunidad para escuchar los puntos de vista de los actores implicados&nbsp;sobre la implantaci\u00f3n de la cobertura sanitaria universal en Burkina Faso.<\/p>\n<p>Estas reuniones son posibles gracias a la colaboraci\u00f3n de&nbsp;RAME con el Mecanismo de Compromiso de la Sociedad Civil para la Cobertura Sanitaria Universal (CSEM) y&nbsp;Universal Health Coverage 2030 (UHC 2030).<\/p>\n<p>Seg\u00fan L\u00e9a Ida Sawadogo\/Yougbar\u00e9, responsable del programa de asistencia t\u00e9cnica de la RAME, la reuni\u00f3n de Uagadug\u00fa deber\u00eda desembocar en la formulaci\u00f3n de&nbsp;propuestas concretas para promover la cobertura sanitaria universal. Estas propuestas&nbsp;guiar\u00e1n la acci\u00f3n gubernamental y&nbsp;a otros socios para avanzar hacia la cobertura sanitaria universal. Esto se incorporar\u00e1 al informe global sobre cobertura sanitaria universal que est\u00e1 elaborando actualmente el mecanismo de participaci\u00f3n de la sociedad civil.<\/p>\n<p><a href=\"https:\/\/lefaso.net\/spip.php?article106650\">M\u00e1s<\/a> informaci\u00f3n.&nbsp;<\/p>\n","protected":false},"excerpt":{"rendered":"<p>La Red de Acceso a los Medicamentos Esenciales (RAME) organiz\u00f3 el mi\u00e9rcoles 4 de agosto de 2021 en Uagadug\u00fa una reuni\u00f3n de la sociedad civil sobre la cobertura sanitaria universal (CSU). Esta reuni\u00f3n es una oportunidad para escuchar los puntos de vista de los actores implicados&nbsp;sobre la implantaci\u00f3n de la cobertura sanitaria universal en Burkina&#8230;<\/p>\n","protected":false},"author":1633,"featured_media":987529511,"comment_status":"closed","ping_status":"closed","template":"","meta":{"_et_pb_use_builder":"","_et_pb_old_content":"","_et_gb_content_width":""},"categories":[],"tags":[2362],"acf":[],"_links":{"self":[{"href":"https:\/\/p4h.world\/es\/wp-json\/wp\/v2\/news\/987653164"}],"collection":[{"href":"https:\/\/p4h.world\/es\/wp-json\/wp\/v2\/news"}],"about":[{"href":"https:\/\/p4h.world\/es\/wp-json\/wp\/v2\/types\/news"}],"author":[{"embeddable":true,"href":"https:\/\/p4h.world\/es\/wp-json\/wp\/v2\/users\/1633"}],"replies":[{"embeddable":true,"href":"https:\/\/p4h.world\/es\/wp-json\/wp\/v2\/comments?post=987653164"}],"version-history":[{"count":0,"href":"https:\/\/p4h.world\/es\/wp-json\/wp\/v2\/news\/987653164\/revisions"}],"wp:featuredmedia":[{"embeddable":true,"href":"https:\/\/p4h.world\/es\/wp-json\/wp\/v2\/media\/987529511"}],"wp:attachment":[{"href":"https:\/\/p4h.world\/es\/wp-json\/wp\/v2\/media?parent=987653164"}],"wp:term":[{"taxonomy":"category","embeddable":true,"href":"https:\/\/p4h.world\/es\/wp-json\/wp\/v2\/categories?post=987653164"},{"taxonomy":"post_tag","embeddable":true,"href":"https:\/\/p4h.world\/es\/wp-json\/wp\/v2\/tags?post=987653164"}],"curies":[{"name":"wp","href":"https:\/\/api.w.org\/{rel}","templated":true}]}}