{"id":987653185,"date":"2021-09-01T03:17:42","date_gmt":"2021-09-01T02:17:42","guid":{"rendered":"https:\/\/p4h.world\/news\/chad-celebracion-de-la-primera-sesion-del-ano-2021-del-comite-tecnico-de-seguimiento-del-csu-07-08-2021\/"},"modified":"2021-09-01T03:17:42","modified_gmt":"2021-09-01T02:17:42","slug":"chad-celebracion-de-la-primera-sesion-del-ano-2021-del-comite-tecnico-de-seguimiento-del-csu-07-08-2021","status":"publish","type":"news","link":"https:\/\/p4h.world\/es\/news\/chad-celebracion-de-la-primera-sesion-del-ano-2021-del-comite-tecnico-de-seguimiento-del-csu-07-08-2021\/","title":{"rendered":"Chad: Celebraci\u00f3n de la primera Sesi\u00f3n del a\u00f1o 2021 del Comit\u00e9 T\u00e9cnico de Seguimiento del CSU, 07.08.2021"},"content":{"rendered":"<p>El 07.08.2021, el Comit\u00e9 T\u00e9cnico de Seguimiento del CSU celebr\u00f3 su primera sesi\u00f3n del a\u00f1o sobre el marco institucional para la puesta en marcha del R\u00e9gimen de Asistencia M\u00e9dica (AMED). Esta sesi\u00f3n, continuaci\u00f3n de <span><br \/>\n  <span><br \/>\n    <span lang=\"FR\"><br \/>\n      <span>el taller de validaci\u00f3n del informe de estudio sobre el marco institucional del r\u00e9gimen AMED, celebrado del 2 al 6 de agosto de 2021, ten\u00eda por objeto <\/span><br \/>\n    <\/span><br \/>\n  <\/span><br \/>\n<\/span> <span><span>tomar nota de las conclusiones y recomendaciones del taller y proporcionar directrices claras para la puesta en marcha del programa AMED.  <span lang=\"FR\"><span>Durante su sesi\u00f3n, el CTS examin\u00f3 las recomendaciones propuestas por el taller y valid\u00f3 10 decisiones importantes que se someter\u00e1n a la aprobaci\u00f3n del Alto Comit\u00e9 de la CSU (v\u00e9ase el informe adjunto a este art\u00edculo).<\/span><\/span><\/span><\/span><\/p>\n<p>Como recordatorio, el Comit\u00e9 T\u00e9cnico de Seguimiento es <span lang=\"FR\"><br \/>\n  <span><br \/>\n    <span>responsable de<\/span><br \/>\n  <\/span><br \/>\n<\/span><span lang=\"FR\"><span><span>  supervisi\u00f3n de las acciones llevadas a cabo por la Unidad de Coordinaci\u00f3n Interministerial del CSU. Est\u00e1 formado por los Secretarios Generales de los ministerios implicados en el proceso de CSU, as\u00ed como por representantes de organizaciones de la sociedad civil, sindicatos, etc. Est\u00e1 presidido por el Secretario General del Ministerio de Sanidad.&nbsp; <\/span><\/span><\/span><\/p>\n<p>&nbsp;<\/p>\n<p>&nbsp;<\/p>\n","protected":false},"excerpt":{"rendered":"<p>El 07.08.2021, el Comit\u00e9 T\u00e9cnico de Seguimiento del CSU celebr\u00f3 su primera sesi\u00f3n del a\u00f1o sobre el marco institucional para la puesta en marcha del R\u00e9gimen de Asistencia M\u00e9dica (AMED). Esta sesi\u00f3n, continuaci\u00f3n de el taller de validaci\u00f3n del informe de estudio sobre el marco institucional del r\u00e9gimen AMED, celebrado del 2 al 6 de&#8230;<\/p>\n","protected":false},"author":1939,"featured_media":987529426,"comment_status":"closed","ping_status":"closed","template":"","meta":{"_et_pb_use_builder":"","_et_pb_old_content":"","_et_gb_content_width":""},"categories":[],"tags":[2374],"acf":[],"_links":{"self":[{"href":"https:\/\/p4h.world\/es\/wp-json\/wp\/v2\/news\/987653185"}],"collection":[{"href":"https:\/\/p4h.world\/es\/wp-json\/wp\/v2\/news"}],"about":[{"href":"https:\/\/p4h.world\/es\/wp-json\/wp\/v2\/types\/news"}],"author":[{"embeddable":true,"href":"https:\/\/p4h.world\/es\/wp-json\/wp\/v2\/users\/1939"}],"replies":[{"embeddable":true,"href":"https:\/\/p4h.world\/es\/wp-json\/wp\/v2\/comments?post=987653185"}],"version-history":[{"count":0,"href":"https:\/\/p4h.world\/es\/wp-json\/wp\/v2\/news\/987653185\/revisions"}],"wp:featuredmedia":[{"embeddable":true,"href":"https:\/\/p4h.world\/es\/wp-json\/wp\/v2\/media\/987529426"}],"wp:attachment":[{"href":"https:\/\/p4h.world\/es\/wp-json\/wp\/v2\/media?parent=987653185"}],"wp:term":[{"taxonomy":"category","embeddable":true,"href":"https:\/\/p4h.world\/es\/wp-json\/wp\/v2\/categories?post=987653185"},{"taxonomy":"post_tag","embeddable":true,"href":"https:\/\/p4h.world\/es\/wp-json\/wp\/v2\/tags?post=987653185"}],"curies":[{"name":"wp","href":"https:\/\/api.w.org\/{rel}","templated":true}]}}