{"id":987653234,"date":"2021-09-27T03:17:12","date_gmt":"2021-09-27T02:17:12","guid":{"rendered":"https:\/\/p4h.world\/news\/niger-enabel-contribucion-a-la-estrategia-nacional-cmu\/"},"modified":"2021-09-27T03:17:12","modified_gmt":"2021-09-27T02:17:12","slug":"niger-enabel-contribucion-a-la-estrategia-nacional-cmu","status":"publish","type":"news","link":"https:\/\/p4h.world\/es\/news\/niger-enabel-contribucion-a-la-estrategia-nacional-cmu\/","title":{"rendered":"NIGER-ENABEL: Contribuci\u00f3n a la estrategia nacional CMU"},"content":{"rendered":"<p><span><span><span><span><span><span><span><span><span><span><span><span><span><span>En el marco de la definici\u00f3n del componente sanitario del programa de cooperaci\u00f3n N\u00edger-B\u00e9lgica 2022-2026, se celebr\u00f3 un taller del 08 al 10 de septiembre de 2021 para concretar el apoyo de ENABEL a la estrategia nacional de Cobertura Sanitaria Universal en el marco de la puesta en marcha de enfoques piloto basados en un modelo integrado de financiaci\u00f3n sanitaria (asistencia sanitaria gratuita &#8211; FBR &#8211; Seguro de Enfermedad) construido en torno al Seguro de Enfermedad Departamental (AMD).<\/span><\/span><\/span><\/span><\/span><\/span><\/span><\/span><\/span><\/span><\/span><\/span><\/span><\/span><\/p>\n<p>ENABEL&nbsp;es la agencia de desarrollo del gobierno federal belga; aplicamos la pol\u00edtica belga de desarrollo internacional.&nbsp;En el \u00e1mbito de la sanidad, la ambici\u00f3n de <a href=\"https:\/\/p4h.world\/en\/newsletter\/p4h-governance-group-newsletter-20213\">ENABEL<\/a> es desarrollar un sistema sanitario eficiente y sostenible que garantice&nbsp;una asistencia sanitaria de calidad para todos.<\/p>\n","protected":false},"excerpt":{"rendered":"<p>En el marco de la definici\u00f3n del componente sanitario del programa de cooperaci\u00f3n N\u00edger-B\u00e9lgica 2022-2026, se celebr\u00f3 un taller del 08 al 10 de septiembre de 2021 para concretar el apoyo de ENABEL a la estrategia nacional de Cobertura Sanitaria Universal en el marco de la puesta en marcha de enfoques piloto basados en un&#8230;<\/p>\n","protected":false},"author":1633,"featured_media":987529113,"comment_status":"closed","ping_status":"closed","template":"","meta":{"_et_pb_use_builder":"","_et_pb_old_content":"","_et_gb_content_width":""},"categories":[],"tags":[2442],"acf":[],"_links":{"self":[{"href":"https:\/\/p4h.world\/es\/wp-json\/wp\/v2\/news\/987653234"}],"collection":[{"href":"https:\/\/p4h.world\/es\/wp-json\/wp\/v2\/news"}],"about":[{"href":"https:\/\/p4h.world\/es\/wp-json\/wp\/v2\/types\/news"}],"author":[{"embeddable":true,"href":"https:\/\/p4h.world\/es\/wp-json\/wp\/v2\/users\/1633"}],"replies":[{"embeddable":true,"href":"https:\/\/p4h.world\/es\/wp-json\/wp\/v2\/comments?post=987653234"}],"version-history":[{"count":0,"href":"https:\/\/p4h.world\/es\/wp-json\/wp\/v2\/news\/987653234\/revisions"}],"wp:featuredmedia":[{"embeddable":true,"href":"https:\/\/p4h.world\/es\/wp-json\/wp\/v2\/media\/987529113"}],"wp:attachment":[{"href":"https:\/\/p4h.world\/es\/wp-json\/wp\/v2\/media?parent=987653234"}],"wp:term":[{"taxonomy":"category","embeddable":true,"href":"https:\/\/p4h.world\/es\/wp-json\/wp\/v2\/categories?post=987653234"},{"taxonomy":"post_tag","embeddable":true,"href":"https:\/\/p4h.world\/es\/wp-json\/wp\/v2\/tags?post=987653234"}],"curies":[{"name":"wp","href":"https:\/\/api.w.org\/{rel}","templated":true}]}}