{"id":987653332,"date":"2021-12-02T03:16:16","date_gmt":"2021-12-02T02:16:16","guid":{"rendered":"https:\/\/p4h.world\/news\/diabetes-en-niger-un-alegato-a-favor-del-acceso-a-la-atencion-sanitaria\/"},"modified":"2021-12-02T03:16:16","modified_gmt":"2021-12-02T02:16:16","slug":"diabetes-en-niger-un-alegato-a-favor-del-acceso-a-la-atencion-sanitaria","status":"publish","type":"news","link":"https:\/\/p4h.world\/es\/news\/diabetes-en-niger-un-alegato-a-favor-del-acceso-a-la-atencion-sanitaria\/","title":{"rendered":"Diabetes en N\u00edger: un alegato a favor del acceso a la atenci\u00f3n sanitaria"},"content":{"rendered":"<p>&#8221;&nbsp;Acceso a la asistencia para combatir la diabetes&nbsp;&#8221; es el tema elegido para la conmemoraci\u00f3n en 2021 de&nbsp;, el D\u00eda Internacional para la Erradicaci\u00f3n de la Diabetes. En Niamey, la Federaci\u00f3n Internacional de Diabetes (FID) volvi\u00f3 a sacrificarse a la tradici\u00f3n, esta vez colocando la conmemoraci\u00f3n bajo el signo de un alegato a favor del acceso a la atenci\u00f3n sanitaria de las personas con diabetes.&nbsp;<\/p>\n<blockquote>\n<p>La lucha contra la diabetes se ha convertido en una gran responsabilidad para los gobiernos, las organizaciones de la sociedad civil y el sector sanitario en particular.<\/p>\n<\/blockquote>\n<p>Varias ONG se unieron para conmemorar el d\u00eda internacional, hablando con una sola voz para concienciar sobre la diabetes. &#8221;&nbsp;Todos los estratos sociales de la poblaci\u00f3n&nbsp;son vulnerables a factores de riesgo como una dieta inadecuada, un estilo de vida sedentario, la exposici\u00f3n al humo del tabaco y los efectos del consumo nocivo de alcohol&nbsp;&#8220;.&nbsp;<\/p>\n<p><a href=\"https:\/\/www.niameysoir.com\/sante-les-difficultes-dacces-aux-soins-pour-lutter-contre-le-diabete-sont-preoccupantes-au-niger\/\">M\u00e1s<\/a> informaci\u00f3n.<\/p>\n<p>&nbsp;<\/p>\n","protected":false},"excerpt":{"rendered":"<p>&#8221;&nbsp;Acceso a la asistencia para combatir la diabetes&nbsp;&#8221; es el tema elegido para la conmemoraci\u00f3n en 2021 de&nbsp;, el D\u00eda Internacional para la Erradicaci\u00f3n de la Diabetes. En Niamey, la Federaci\u00f3n Internacional de Diabetes (FID) volvi\u00f3 a sacrificarse a la tradici\u00f3n, esta vez colocando la conmemoraci\u00f3n bajo el signo de un alegato a favor del&#8230;<\/p>\n","protected":false},"author":1633,"featured_media":987528480,"comment_status":"closed","ping_status":"closed","template":"","meta":{"_et_pb_use_builder":"","_et_pb_old_content":"","_et_gb_content_width":""},"categories":[],"tags":[2474],"acf":[],"_links":{"self":[{"href":"https:\/\/p4h.world\/es\/wp-json\/wp\/v2\/news\/987653332"}],"collection":[{"href":"https:\/\/p4h.world\/es\/wp-json\/wp\/v2\/news"}],"about":[{"href":"https:\/\/p4h.world\/es\/wp-json\/wp\/v2\/types\/news"}],"author":[{"embeddable":true,"href":"https:\/\/p4h.world\/es\/wp-json\/wp\/v2\/users\/1633"}],"replies":[{"embeddable":true,"href":"https:\/\/p4h.world\/es\/wp-json\/wp\/v2\/comments?post=987653332"}],"version-history":[{"count":0,"href":"https:\/\/p4h.world\/es\/wp-json\/wp\/v2\/news\/987653332\/revisions"}],"wp:featuredmedia":[{"embeddable":true,"href":"https:\/\/p4h.world\/es\/wp-json\/wp\/v2\/media\/987528480"}],"wp:attachment":[{"href":"https:\/\/p4h.world\/es\/wp-json\/wp\/v2\/media?parent=987653332"}],"wp:term":[{"taxonomy":"category","embeddable":true,"href":"https:\/\/p4h.world\/es\/wp-json\/wp\/v2\/categories?post=987653332"},{"taxonomy":"post_tag","embeddable":true,"href":"https:\/\/p4h.world\/es\/wp-json\/wp\/v2\/tags?post=987653332"}],"curies":[{"name":"wp","href":"https:\/\/api.w.org\/{rel}","templated":true}]}}