{"id":987653407,"date":"2022-01-31T03:15:24","date_gmt":"2022-01-31T02:15:24","guid":{"rendered":"https:\/\/p4h.world\/news\/la-financiacion-sigue-siendo-el-talon-de-aquiles-de-la-sanidad-en-africa\/"},"modified":"2022-01-31T03:15:24","modified_gmt":"2022-01-31T02:15:24","slug":"la-financiacion-sigue-siendo-el-talon-de-aquiles-de-la-sanidad-en-africa","status":"publish","type":"news","link":"https:\/\/p4h.world\/es\/news\/la-financiacion-sigue-siendo-el-talon-de-aquiles-de-la-sanidad-en-africa\/","title":{"rendered":"La financiaci\u00f3n sigue siendo el tal\u00f3n de Aquiles de la sanidad en \u00c1frica"},"content":{"rendered":"<p>Expertos en&nbsp;<a href=\"https:\/\/www.scidev.net\/afrique-sub-saharienne\/health\/\">publichealth<\/a>&nbsp;,&nbsp;<a href=\"https:\/\/www.scidev.net\/afrique-sub-saharienne\/enterprise\/data\/https:\/www.scidev.net\/afrique-sub-saharienne\/enterprise\/data\/\">data<\/a>, cient\u00edficos del sector sanitario, representantes de la sociedad civil y responsables pol\u00edticos reclaman un nuevo orden sanitario en \u00c1frica, capaz de ofrecer una protecci\u00f3n eficaz frente a futuras crisis sanitarias.<\/p>\n<p>Este llamamiento se lanz\u00f3 durante la primera conferencia internacional sobre salud p\u00fablica en \u00c1frica (CPHIA 2021), organizada en l\u00ednea del 14 al 16 de diciembre de 2021 por el Centro Africano para el Control y la Prevenci\u00f3n de Enfermedades (ACDCP).&nbsp;<a href=\"https:\/\/www.scidev.net\/afrique-sub-saharienne\/health\/\">enfermedades<\/a>&nbsp;(CDC \u00c1frica) y la Uni\u00f3n Africana (UA), con la participaci\u00f3n de otros socios como la Organizaci\u00f3n Mundial de la Salud (OMS).<\/p>\n<p>Estos especialistas en salud piden a los Estados africanos que refuercen las instituciones sanitarias p\u00fablicas para una atenci\u00f3n centrada en la persona, aumenten el personal sanitario p\u00fablico, establezcan asociaciones respetuosas y orientadas a la acci\u00f3n y colaboren con el sector privado.<\/p>\n<p><a href=\"https:\/\/www.scidev.net\/afrique-sub-saharienne\/news\/augmenter-les-financements-nationaux-dans-le-secteur-de-la-sante\/\">M\u00e1s<\/a> informaci\u00f3n.<\/p>\n","protected":false},"excerpt":{"rendered":"<p>Expertos en&nbsp;publichealth&nbsp;,&nbsp;data, cient\u00edficos del sector sanitario, representantes de la sociedad civil y responsables pol\u00edticos reclaman un nuevo orden sanitario en \u00c1frica, capaz de ofrecer una protecci\u00f3n eficaz frente a futuras crisis sanitarias. Este llamamiento se lanz\u00f3 durante la primera conferencia internacional sobre salud p\u00fablica en \u00c1frica (CPHIA 2021), organizada en l\u00ednea del 14 al 16&#8230;<\/p>\n","protected":false},"author":1633,"featured_media":987528046,"comment_status":"closed","ping_status":"closed","template":"","meta":{"_et_pb_use_builder":"","_et_pb_old_content":"","_et_gb_content_width":""},"categories":[2413],"tags":[2362],"acf":[],"_links":{"self":[{"href":"https:\/\/p4h.world\/es\/wp-json\/wp\/v2\/news\/987653407"}],"collection":[{"href":"https:\/\/p4h.world\/es\/wp-json\/wp\/v2\/news"}],"about":[{"href":"https:\/\/p4h.world\/es\/wp-json\/wp\/v2\/types\/news"}],"author":[{"embeddable":true,"href":"https:\/\/p4h.world\/es\/wp-json\/wp\/v2\/users\/1633"}],"replies":[{"embeddable":true,"href":"https:\/\/p4h.world\/es\/wp-json\/wp\/v2\/comments?post=987653407"}],"version-history":[{"count":0,"href":"https:\/\/p4h.world\/es\/wp-json\/wp\/v2\/news\/987653407\/revisions"}],"wp:featuredmedia":[{"embeddable":true,"href":"https:\/\/p4h.world\/es\/wp-json\/wp\/v2\/media\/987528046"}],"wp:attachment":[{"href":"https:\/\/p4h.world\/es\/wp-json\/wp\/v2\/media?parent=987653407"}],"wp:term":[{"taxonomy":"category","embeddable":true,"href":"https:\/\/p4h.world\/es\/wp-json\/wp\/v2\/categories?post=987653407"},{"taxonomy":"post_tag","embeddable":true,"href":"https:\/\/p4h.world\/es\/wp-json\/wp\/v2\/tags?post=987653407"}],"curies":[{"name":"wp","href":"https:\/\/api.w.org\/{rel}","templated":true}]}}