{"id":987653461,"date":"2022-03-02T03:15:00","date_gmt":"2022-03-02T02:15:00","guid":{"rendered":"https:\/\/p4h.world\/news\/chad-la-afd-prepara-la-fase-3-del-proyecto-de-apoyo-al-sector-sanitario-passt3-en-chad\/"},"modified":"2023-10-04T12:25:19","modified_gmt":"2023-10-04T11:25:19","slug":"chad-la-afd-prepara-la-fase-3-del-proyecto-de-apoyo-al-sector-sanitario-passt3-en-chad","status":"publish","type":"news","link":"https:\/\/p4h.world\/es\/news\/chad-la-afd-prepara-la-fase-3-del-proyecto-de-apoyo-al-sector-sanitario-passt3-en-chad\/","title":{"rendered":"CHAD: La AFD prepara la fase 3 del Proyecto de Apoyo al Sector Sanitario (PASST3) en Chad"},"content":{"rendered":"<p><span><span><span>El jefe de proyecto de la divisi\u00f3n de salud de la Agencia Francesa de Desarrollo (AFD) llev\u00f3 a cabo una misi\u00f3n de evaluaci\u00f3n de las actividades del PASST2 y de preparaci\u00f3n del PASST3 en Chad del 31.01 al 12.02.2022.<\/span><\/span><\/span><\/p>\n<p><span><span><span>Durante su estancia, se reuni\u00f3 con los implicados en la aplicaci\u00f3n de las intervenciones del PASST2 y con las estructuras centrales del Ministerio de Salud P\u00fablica. Tambi\u00e9n se reuni\u00f3 con socios t\u00e9cnicos y financieros del sector sanitario, como la OMS, la Cooperaci\u00f3n Suiza, la Uni\u00f3n Europea, el Banco Mundial, etc. En nombre del grupo TFP, la PPC de la red P4H se reuni\u00f3 con la misi\u00f3n durante una reuni\u00f3n de consulta en la sede de la AFD en Yamena.&nbsp;  Durante la reuni\u00f3n, el PPC de la red P4H ofreci\u00f3 su interpretaci\u00f3n del proceso de la CSU en Chad y subray\u00f3 la necesidad de que las intervenciones sean coherentes y se ajusten a las prioridades nacionales.  <\/span><\/span><\/span><\/p>\n<p><span><span><span>Durante la reuni\u00f3n en la que se presentaron los resultados de la misi\u00f3n al gabinete del Ministro de Salud P\u00fablica, \u00e9ste constat\u00f3 la lentitud del proceso de la CSU e indic\u00f3 que en el a\u00f1o 2022 se acelerar\u00eda la puesta en marcha de la CSU en Chad. En este sentido, se congratul\u00f3 de la actuaci\u00f3n del PASST, que calific\u00f3 de coherente con los retos prioritarios a los que se enfrenta su departamento.  <\/span><\/span><\/span><\/p>\n","protected":false},"excerpt":{"rendered":"<p>El jefe de proyecto de la divisi\u00f3n de salud de la Agencia Francesa de Desarrollo (AFD) llev\u00f3 a cabo una misi\u00f3n de evaluaci\u00f3n de las actividades del PASST2 y de preparaci\u00f3n del PASST3 en Chad del 31.01 al 12.02.2022. Durante su estancia, se reuni\u00f3 con los implicados en la aplicaci\u00f3n de las intervenciones del PASST2&#8230;<\/p>\n","protected":false},"author":1939,"featured_media":987527718,"comment_status":"closed","ping_status":"closed","template":"","meta":{"_et_pb_use_builder":"","_et_pb_old_content":"","_et_gb_content_width":""},"categories":[],"tags":[2475],"acf":[],"_links":{"self":[{"href":"https:\/\/p4h.world\/es\/wp-json\/wp\/v2\/news\/987653461"}],"collection":[{"href":"https:\/\/p4h.world\/es\/wp-json\/wp\/v2\/news"}],"about":[{"href":"https:\/\/p4h.world\/es\/wp-json\/wp\/v2\/types\/news"}],"author":[{"embeddable":true,"href":"https:\/\/p4h.world\/es\/wp-json\/wp\/v2\/users\/1939"}],"replies":[{"embeddable":true,"href":"https:\/\/p4h.world\/es\/wp-json\/wp\/v2\/comments?post=987653461"}],"version-history":[{"count":1,"href":"https:\/\/p4h.world\/es\/wp-json\/wp\/v2\/news\/987653461\/revisions"}],"predecessor-version":[{"id":987653472,"href":"https:\/\/p4h.world\/es\/wp-json\/wp\/v2\/news\/987653461\/revisions\/987653472"}],"wp:featuredmedia":[{"embeddable":true,"href":"https:\/\/p4h.world\/es\/wp-json\/wp\/v2\/media\/987527718"}],"wp:attachment":[{"href":"https:\/\/p4h.world\/es\/wp-json\/wp\/v2\/media?parent=987653461"}],"wp:term":[{"taxonomy":"category","embeddable":true,"href":"https:\/\/p4h.world\/es\/wp-json\/wp\/v2\/categories?post=987653461"},{"taxonomy":"post_tag","embeddable":true,"href":"https:\/\/p4h.world\/es\/wp-json\/wp\/v2\/tags?post=987653461"}],"curies":[{"name":"wp","href":"https:\/\/api.w.org\/{rel}","templated":true}]}}