{"id":987653560,"date":"2022-04-19T03:14:26","date_gmt":"2022-04-19T02:14:26","guid":{"rendered":"https:\/\/p4h.world\/news\/camerun-1a-reunion-del-marco-de-coordinacion-del-ptf-sanitario\/"},"modified":"2022-04-19T03:14:26","modified_gmt":"2022-04-19T02:14:26","slug":"camerun-1a-reunion-del-marco-de-coordinacion-del-ptf-sanitario","status":"publish","type":"news","link":"https:\/\/p4h.world\/es\/news\/camerun-1a-reunion-del-marco-de-coordinacion-del-ptf-sanitario\/","title":{"rendered":"Camer\u00fan: 1\u00aa reuni\u00f3n del marco de coordinaci\u00f3n del PTF sanitario"},"content":{"rendered":"<p>La 1\u00aa reuni\u00f3n del marco de coordinaci\u00f3n de los PTF sanitarios en Camer\u00fan se celebr\u00f3 el 30 de marzo de 2022 en virtual entre las 15:00 y las 17:00 horas con el siguiente orden del d\u00eda aprobado:&nbsp;<\/p>\n<p><span><span><span><span lang=\"FR\"><span>Temas principales<\/span><\/span><\/span><\/span><\/span><\/p>\n<ol>\n<li><span><span><span><span lang=\"FR\"><span>Situaci\u00f3n de la epidemia de c\u00f3lera<\/span><\/span><\/span><\/span><\/span><\/li>\n<li><span><span><span><span lang=\"FR\"><span>Informaci\u00f3n actualizada sobre la pandemia en Covid (Camer\u00fan)<\/span><\/span><\/span><\/span><\/span><\/li>\n<\/ol>\n<ul>\n<li><span><span><span><span lang=\"FR\"><span>Actividades de los subgrupos tem\u00e1ticos<\/span><\/span><\/span><\/span><\/span><\/li>\n<li><span><span><span><span lang=\"FR\"><span>Noticias y varios  <\/span><\/span><\/span><\/span><\/span><\/li>\n<\/ul>\n<p><span><span><span><span lang=\"FR\"><span>Los siguientes jugadores estaban presentes:&nbsp;<\/span><\/span><\/span><\/span><\/span><\/p>\n<p><span><span><span><span lang=\"FR\"><span>OMS &#8211; USAID &#8211; CDC &#8211; BM &#8211; UNICEF &#8211; GIZ &#8211; AFD &#8211; IMC &#8211; UNICEF &#8211;<\/span><\/span><\/span><\/span><\/span><span><span><span><span lang=\"FR\"><span>&nbsp;ONUSIDA &#8211; UNFPA &#8211; SINERGIAS VITALES &#8211; ACMS &#8211; P4H &#8211; KOICA &#8211; UNOPS &#8211;<\/span><\/span><\/span><\/span><\/span><span><span><span><span><span>FONDO MUNDIAL &#8211; GAVI<\/span><\/span><\/span><\/span><\/span><\/p>\n<p><span><span><span><span><span>Se adjunta acta.<\/span><\/span><\/span><\/span><\/span><\/p>\n<p>&nbsp;<\/p>\n","protected":false},"excerpt":{"rendered":"<p>La 1\u00aa reuni\u00f3n del marco de coordinaci\u00f3n de los PTF sanitarios en Camer\u00fan se celebr\u00f3 el 30 de marzo de 2022 en virtual entre las 15:00 y las 17:00 horas con el siguiente orden del d\u00eda aprobado:&nbsp; Temas principales Situaci\u00f3n de la epidemia de c\u00f3lera Informaci\u00f3n actualizada sobre la pandemia en Covid (Camer\u00fan) Actividades de&#8230;<\/p>\n","protected":false},"author":1633,"featured_media":987527241,"comment_status":"closed","ping_status":"closed","template":"","meta":{"_et_pb_use_builder":"","_et_pb_old_content":"","_et_gb_content_width":""},"categories":[],"tags":[2385],"acf":[],"_links":{"self":[{"href":"https:\/\/p4h.world\/es\/wp-json\/wp\/v2\/news\/987653560"}],"collection":[{"href":"https:\/\/p4h.world\/es\/wp-json\/wp\/v2\/news"}],"about":[{"href":"https:\/\/p4h.world\/es\/wp-json\/wp\/v2\/types\/news"}],"author":[{"embeddable":true,"href":"https:\/\/p4h.world\/es\/wp-json\/wp\/v2\/users\/1633"}],"replies":[{"embeddable":true,"href":"https:\/\/p4h.world\/es\/wp-json\/wp\/v2\/comments?post=987653560"}],"version-history":[{"count":0,"href":"https:\/\/p4h.world\/es\/wp-json\/wp\/v2\/news\/987653560\/revisions"}],"wp:featuredmedia":[{"embeddable":true,"href":"https:\/\/p4h.world\/es\/wp-json\/wp\/v2\/media\/987527241"}],"wp:attachment":[{"href":"https:\/\/p4h.world\/es\/wp-json\/wp\/v2\/media?parent=987653560"}],"wp:term":[{"taxonomy":"category","embeddable":true,"href":"https:\/\/p4h.world\/es\/wp-json\/wp\/v2\/categories?post=987653560"},{"taxonomy":"post_tag","embeddable":true,"href":"https:\/\/p4h.world\/es\/wp-json\/wp\/v2\/tags?post=987653560"}],"curies":[{"name":"wp","href":"https:\/\/api.w.org\/{rel}","templated":true}]}}