{"id":987654461,"date":"2021-06-07T03:19:48","date_gmt":"2021-06-07T02:19:48","guid":{"rendered":"https:\/\/p4h.world\/news\/senegal-el-comite-tecnico-de-evaluacion-del-programa-cmu-valida-importantes-informes\/"},"modified":"2023-10-05T06:19:11","modified_gmt":"2023-10-05T05:19:11","slug":"senegal-el-comite-tecnico-de-evaluacion-del-programa-cmu-valida-importantes-informes","status":"publish","type":"news","link":"https:\/\/p4h.world\/es\/news\/senegal-el-comite-tecnico-de-evaluacion-del-programa-cmu-valida-importantes-informes\/","title":{"rendered":"Senegal: El comit\u00e9 t\u00e9cnico de evaluaci\u00f3n del programa CMU valida importantes informes"},"content":{"rendered":"<p>Dos puntos figuraban en el orden del d\u00eda de esta reuni\u00f3n del comit\u00e9 t\u00e9cnico para la evaluaci\u00f3n del programa de cobertura sanitaria universal en Senegal:&nbsp;<\/p>\n<ul>\n<li><span><span><span><span lang=\"FR-SN\"><span><span>Validaci\u00f3n previa del informe sobre el sistema de facturaci\u00f3n de los servicios del programa CMU&nbsp;;<\/span><\/span><\/span><\/span><\/span><\/span><\/li>\n<li><span><span><span><span lang=\"FR-SN\"><br \/>\n  <span><br \/>\n    <span><br \/>\n      <span>el informe <\/span><br \/>\n    <\/span><br \/>\n  <\/span><br \/>\n<\/span><span lang=\"FR-SN\"><br \/>\n  <span><br \/>\n    <span>pre-validaci\u00f3n&nbsp; del informe&nbsp; sobre el nivel de conocimiento y apropiaci\u00f3n del programa CMU por parte de los beneficiarios y las partes interesadas.<\/span><br \/>\n  <\/span><br \/>\n<\/span><\/span><\/span><\/span><\/li>\n<\/ul>\n<p><span><span><span><span lang=\"FR-SN\"><span><span>Los debates que siguieron a las presentaciones se centraron en los siguientes aspectos&nbsp;:<\/span><\/span><\/span><\/span><\/span><\/span><\/p>\n<ul>\n<li><span><span><span><span lang=\"FR-SN\"><span><span>armonizaci\u00f3n de los m\u00e9todos de facturaci\u00f3n&nbsp;;<\/span><\/span><\/span><\/span><\/span><\/span><\/li>\n<li><span><span><span><span lang=\"FR-SN\"><span><span>el establecimiento de un acuerdo marco entre la Agencia CMU y el Ministerio de Sanidad y Acci\u00f3n Social&nbsp;;<\/span><\/span><\/span><\/span><\/span><\/span><\/li>\n<li><span><span><span><span lang=\"FR-SN\"><span><span>cumplimiento del sistema de referencia y contrarreferencia&nbsp;;<\/span><\/span><\/span><\/span><\/span><\/span><\/li>\n<li><span><span><span><span lang=\"FR-SN\"><span><span>mejora de la orientaci\u00f3n de las iniciativas gratuitas.<\/span><\/span><\/span><\/span><\/span><\/span><\/li>\n<\/ul>\n<p><span><span><span><span lang=\"FR-SN\"><span><span>A la vista de las deficiencias que&nbsp; detect\u00f3 en el informe sobre el nivel de conocimiento y apropiaci\u00f3n del programa CMU, se decidi\u00f3 reelaborarlo y volver a presentarlo al Comit\u00e9 T\u00e9cnico en una pr\u00f3xima sesi\u00f3n.<\/span><\/span><\/span><\/span><\/span><\/span><\/p>\n<p><span><span><span><span lang=\"FR-SN\"><span><span>El informe sobre el sistema de facturaci\u00f3n fue preaprobado, a reserva de la incorporaci\u00f3n de las observaciones formuladas.<\/span><\/span><\/span><\/span><\/span><\/span><\/p>\n<p><strong><span><span><span><span lang=\"FR-SN\"><span><span>Fuente: Punto focal P4H<\/span><\/span><\/span><\/span><\/span><\/span><\/strong><\/p>\n","protected":false},"excerpt":{"rendered":"<p>Dos puntos figuraban en el orden del d\u00eda de esta reuni\u00f3n del comit\u00e9 t\u00e9cnico para la evaluaci\u00f3n del programa de cobertura sanitaria universal en Senegal:&nbsp; Validaci\u00f3n previa del informe sobre el sistema de facturaci\u00f3n de los servicios del programa CMU&nbsp;; el informe pre-validaci\u00f3n&nbsp; del informe&nbsp; sobre el nivel de conocimiento y apropiaci\u00f3n del programa CMU&#8230;<\/p>\n","protected":false},"author":1633,"featured_media":0,"comment_status":"closed","ping_status":"closed","template":"","meta":{"_et_pb_use_builder":"","_et_pb_old_content":"","_et_gb_content_width":""},"categories":[],"tags":[2449],"acf":[],"_links":{"self":[{"href":"https:\/\/p4h.world\/es\/wp-json\/wp\/v2\/news\/987654461"}],"collection":[{"href":"https:\/\/p4h.world\/es\/wp-json\/wp\/v2\/news"}],"about":[{"href":"https:\/\/p4h.world\/es\/wp-json\/wp\/v2\/types\/news"}],"author":[{"embeddable":true,"href":"https:\/\/p4h.world\/es\/wp-json\/wp\/v2\/users\/1633"}],"replies":[{"embeddable":true,"href":"https:\/\/p4h.world\/es\/wp-json\/wp\/v2\/comments?post=987654461"}],"version-history":[{"count":1,"href":"https:\/\/p4h.world\/es\/wp-json\/wp\/v2\/news\/987654461\/revisions"}],"predecessor-version":[{"id":987654472,"href":"https:\/\/p4h.world\/es\/wp-json\/wp\/v2\/news\/987654461\/revisions\/987654472"}],"wp:attachment":[{"href":"https:\/\/p4h.world\/es\/wp-json\/wp\/v2\/media?parent=987654461"}],"wp:term":[{"taxonomy":"category","embeddable":true,"href":"https:\/\/p4h.world\/es\/wp-json\/wp\/v2\/categories?post=987654461"},{"taxonomy":"post_tag","embeddable":true,"href":"https:\/\/p4h.world\/es\/wp-json\/wp\/v2\/tags?post=987654461"}],"curies":[{"name":"wp","href":"https:\/\/api.w.org\/{rel}","templated":true}]}}