{"id":987654749,"date":"2021-10-09T05:46:18","date_gmt":"2021-10-09T04:46:18","guid":{"rendered":"https:\/\/p4h.world\/news\/laos-planea-vacunar-a-los-ninos-de-12-a-17-anos-contra-covid-19\/"},"modified":"2021-10-09T05:46:18","modified_gmt":"2021-10-09T04:46:18","slug":"laos-planea-vacunar-a-los-ninos-de-12-a-17-anos-contra-covid-19","status":"publish","type":"news","link":"https:\/\/p4h.world\/es\/news\/laos-planea-vacunar-a-los-ninos-de-12-a-17-anos-contra-covid-19\/","title":{"rendered":"Laos planea vacunar a los ni\u00f1os de 12 a 17 a\u00f1os contra Covid-19"},"content":{"rendered":"<p><span><span><span>Laos planea vacunar a los ni\u00f1os de 12 a 17 a\u00f1os, con el objetivo de reabrir las escuelas.  <\/span><\/span><\/span><\/p>\n<p><span><span><span>Se han cerrado escuelas en todo el pa\u00eds debido a la nueva oleada de COVID. Varios estudiantes tienen dificultades con los medios de aprendizaje en l\u00ednea.<\/span><\/span><\/span><\/p>\n<p><span><span><span>Anteriormente, se autorizaba la vacunaci\u00f3n a los estudiantes del \u00faltimo curso de secundaria o a los mayores de 17 a\u00f1os que fueran a viajar por motivos de estudios o para preparar el examen de acceso.<\/span><\/span><\/span><\/p>\n<p><span><span><span>Mientras que la &#8220;dosis de refuerzo&#8221; estar\u00e1 prohibida hasta que la poblaci\u00f3n elegible est\u00e9 totalmente vacunada. Para m\u00e1s informaci\u00f3n, <a href=\"https:\/\/laotiantimes.com\/2021\/09\/22\/laos-plans-covid-19-vaccinations-for-children-aged-12-to-17\/\">haga clic<\/a> aqu\u00ed.<\/span><\/span><\/span><\/p>\n<p><span><span><span>Fuente: The Laotian Times<\/span><\/span><\/span><\/p>\n<p><span><br \/>\n  <span><br \/>\n    <span>Foto b<\/span><br \/>\n  <\/span><br \/>\n<\/span>por&nbsp;<a href=\"https:\/\/www.canva.com\/p\/panyakuanunphotos\/\">panyakuanunphotos<\/a><\/p>\n","protected":false},"excerpt":{"rendered":"<p>Laos planea vacunar a los ni\u00f1os de 12 a 17 a\u00f1os, con el objetivo de reabrir las escuelas. Se han cerrado escuelas en todo el pa\u00eds debido a la nueva oleada de COVID. Varios estudiantes tienen dificultades con los medios de aprendizaje en l\u00ednea. Anteriormente, se autorizaba la vacunaci\u00f3n a los estudiantes del \u00faltimo curso&#8230;<\/p>\n","protected":false},"author":265,"featured_media":0,"comment_status":"","ping_status":"closed","template":"","meta":{"_et_pb_use_builder":"","_et_pb_old_content":"","_et_gb_content_width":""},"categories":[],"tags":[2434],"acf":[],"_links":{"self":[{"href":"https:\/\/p4h.world\/es\/wp-json\/wp\/v2\/news\/987654749"}],"collection":[{"href":"https:\/\/p4h.world\/es\/wp-json\/wp\/v2\/news"}],"about":[{"href":"https:\/\/p4h.world\/es\/wp-json\/wp\/v2\/types\/news"}],"author":[{"embeddable":true,"href":"https:\/\/p4h.world\/es\/wp-json\/wp\/v2\/users\/265"}],"replies":[{"embeddable":true,"href":"https:\/\/p4h.world\/es\/wp-json\/wp\/v2\/comments?post=987654749"}],"version-history":[{"count":0,"href":"https:\/\/p4h.world\/es\/wp-json\/wp\/v2\/news\/987654749\/revisions"}],"wp:attachment":[{"href":"https:\/\/p4h.world\/es\/wp-json\/wp\/v2\/media?parent=987654749"}],"wp:term":[{"taxonomy":"category","embeddable":true,"href":"https:\/\/p4h.world\/es\/wp-json\/wp\/v2\/categories?post=987654749"},{"taxonomy":"post_tag","embeddable":true,"href":"https:\/\/p4h.world\/es\/wp-json\/wp\/v2\/tags?post=987654749"}],"curies":[{"name":"wp","href":"https:\/\/api.w.org\/{rel}","templated":true}]}}