{"id":987654923,"date":"2021-08-13T05:45:54","date_gmt":"2021-08-13T04:45:54","guid":{"rendered":"https:\/\/p4h.world\/news\/brunei-amplia-el-horario-de-sus-centros-de-vacunacion-y-aspira-a-vacunar-al-menos-al-70-de-la-poblacion\/"},"modified":"2021-08-13T05:45:54","modified_gmt":"2021-08-13T04:45:54","slug":"brunei-amplia-el-horario-de-sus-centros-de-vacunacion-y-aspira-a-vacunar-al-menos-al-70-de-la-poblacion","status":"publish","type":"news","link":"https:\/\/p4h.world\/es\/news\/brunei-amplia-el-horario-de-sus-centros-de-vacunacion-y-aspira-a-vacunar-al-menos-al-70-de-la-poblacion\/","title":{"rendered":"Brunei ampl\u00eda el horario de sus centros de vacunaci\u00f3n y aspira a vacunar al menos al 70% de la poblaci\u00f3n"},"content":{"rendered":"<p>Brunei ha ampliado&nbsp;un horario de funcionamiento de los centros de vacunaci\u00f3n en el marco de&nbsp;el programa nacional de vacunaci\u00f3n Covid-19 a&nbsp;20.00 horas, a partir del 2 de agosto,&nbsp;con el fin de alcanzar&nbsp;el objetivo del 70% de la poblaci\u00f3n vacunada.&nbsp;La ampliaci\u00f3n del horario permite&nbsp;a quienes tienen dificultades para salir del trabajo durante el d\u00eda para recibir la vacuna y&nbsp;proporciona&nbsp;al p\u00fablico m\u00e1s flexibilidad con la condici\u00f3n de que hayan fijado citas previas. Adem\u00e1s, hay una consideraci\u00f3n especial para las personas sin cita previa&nbsp;opci\u00f3n para&nbsp;personas mayores y ciudadanos con necesidades especiales.&nbsp;<\/p>\n<p>Para m\u00e1s informaci\u00f3n, <a href=\"https:\/\/www.thestar.com.my\/aseanplus\/aseanplus-news\/2021\/08\/06\/brunei-extemds-its-vaccination-centre-operating-hours-aims-to-vaccinate-at-least-70-of-population\">pulse<\/a>.<\/p>\n<p>Fuente: The Star<\/p>\n<p>Foto de&nbsp;Por&nbsp;<a href=\"https:\/\/www.pexels.com\/@n-voitkevich\" rel=\"noopener\" target=\"_blank\">Nataliya Vaitkevich<\/a>&nbsp;de&nbsp; Pexels<\/p>\n","protected":false},"excerpt":{"rendered":"<p>Brunei ha ampliado&nbsp;un horario de funcionamiento de los centros de vacunaci\u00f3n en el marco de&nbsp;el programa nacional de vacunaci\u00f3n Covid-19 a&nbsp;20.00 horas, a partir del 2 de agosto,&nbsp;con el fin de alcanzar&nbsp;el objetivo del 70% de la poblaci\u00f3n vacunada.&nbsp;La ampliaci\u00f3n del horario permite&nbsp;a quienes tienen dificultades para salir del trabajo durante el d\u00eda para recibir&#8230;<\/p>\n","protected":false},"author":265,"featured_media":0,"comment_status":"","ping_status":"closed","template":"","meta":{"_et_pb_use_builder":"","_et_pb_old_content":"","_et_gb_content_width":""},"categories":[],"tags":[2434],"acf":[],"_links":{"self":[{"href":"https:\/\/p4h.world\/es\/wp-json\/wp\/v2\/news\/987654923"}],"collection":[{"href":"https:\/\/p4h.world\/es\/wp-json\/wp\/v2\/news"}],"about":[{"href":"https:\/\/p4h.world\/es\/wp-json\/wp\/v2\/types\/news"}],"author":[{"embeddable":true,"href":"https:\/\/p4h.world\/es\/wp-json\/wp\/v2\/users\/265"}],"replies":[{"embeddable":true,"href":"https:\/\/p4h.world\/es\/wp-json\/wp\/v2\/comments?post=987654923"}],"version-history":[{"count":0,"href":"https:\/\/p4h.world\/es\/wp-json\/wp\/v2\/news\/987654923\/revisions"}],"wp:attachment":[{"href":"https:\/\/p4h.world\/es\/wp-json\/wp\/v2\/media?parent=987654923"}],"wp:term":[{"taxonomy":"category","embeddable":true,"href":"https:\/\/p4h.world\/es\/wp-json\/wp\/v2\/categories?post=987654923"},{"taxonomy":"post_tag","embeddable":true,"href":"https:\/\/p4h.world\/es\/wp-json\/wp\/v2\/tags?post=987654923"}],"curies":[{"name":"wp","href":"https:\/\/api.w.org\/{rel}","templated":true}]}}