{"id":987655091,"date":"2021-02-28T05:46:41","date_gmt":"2021-02-28T04:46:41","guid":{"rendered":"https:\/\/p4h.world\/news\/covid-19-los-medicos-residentes-en-el-hospital-universitario-justinien-se-encuentran-en-cuarentena\/"},"modified":"2021-02-28T05:46:41","modified_gmt":"2021-02-28T04:46:41","slug":"covid-19-los-medicos-residentes-en-el-hospital-universitario-justinien-se-encuentran-en-cuarentena","status":"publish","type":"news","link":"https:\/\/p4h.world\/es\/news\/covid-19-los-medicos-residentes-en-el-hospital-universitario-justinien-se-encuentran-en-cuarentena\/","title":{"rendered":"Covid-19: los m\u00e9dicos residentes en el hospital universitario Justinien se encuentran en cuarentena"},"content":{"rendered":"<ul>\n<li>https:\/\/lenouvelliste.com\/article\/226793\/covid-19-les-medecins-residents-de-lhopital-universitaire-justinien-se-mettent-en-quarantaine<\/li>\n<\/ul>\n<p>&#8221; Les 40 m\u00e9decins r\u00e9sidents de l&#8217;h\u00f4pital universitaire Justinien au Cap-Ha\u00eftien (nord d&#8217;Ha\u00efti) se sont plac\u00e9s volontairement ce vendredi en quarantaine apr\u00e8s que quatre d&#8217;entre eux ont \u00e9t\u00e9 test\u00e9s positifs au coronavirus. Estaban en contacto con el m\u00e9dico del servicio de cirug\u00eda que falleci\u00f3 el fin de semana pasado por complicaciones del virus mortal. N&#8217;ayant pas de mat\u00e9riel de protection individuelle \u00e0 leur disposition, les r\u00e9sidents, par cons\u00e9quent, observent un arr\u00eat de travail pour exiger masques, gants, points de lavage des mains, unit\u00e9 de prise en charge Covid-19 et s\u00e9curit\u00e9.<\/p>\n<p>&#8230;<\/p>\n<p>A pesar de los pocos casos de coronavirus registrados en el hospital, la instituci\u00f3n sigue funcionando. Le Dr Ernst Robert Jasmin [directeur d\u00e9partemental sanitaire du Nord] assure que la direction&nbsp;a pris les dispositions n\u00e9cessaires.&#8221;<\/p>\n","protected":false},"excerpt":{"rendered":"<p>https:\/\/lenouvelliste.com\/article\/226793\/covid-19-les-medecins-residents-de-lhopital-universitaire-justinien-se-mettent-en-quarantaine &#8221; Les 40 m\u00e9decins r\u00e9sidents de l&#8217;h\u00f4pital universitaire Justinien au Cap-Ha\u00eftien (nord d&#8217;Ha\u00efti) se sont plac\u00e9s volontairement ce vendredi en quarantaine apr\u00e8s que quatre d&#8217;entre eux ont \u00e9t\u00e9 test\u00e9s positifs au coronavirus. Estaban en contacto con el m\u00e9dico del servicio de cirug\u00eda que falleci\u00f3 el fin de semana pasado por complicaciones del virus mortal&#8230;.<\/p>\n","protected":false},"author":1201,"featured_media":0,"comment_status":"","ping_status":"closed","template":"","meta":{"_et_pb_use_builder":"","_et_pb_old_content":"","_et_gb_content_width":""},"categories":[],"tags":[2434],"acf":[],"_links":{"self":[{"href":"https:\/\/p4h.world\/es\/wp-json\/wp\/v2\/news\/987655091"}],"collection":[{"href":"https:\/\/p4h.world\/es\/wp-json\/wp\/v2\/news"}],"about":[{"href":"https:\/\/p4h.world\/es\/wp-json\/wp\/v2\/types\/news"}],"author":[{"embeddable":true,"href":"https:\/\/p4h.world\/es\/wp-json\/wp\/v2\/users\/1201"}],"replies":[{"embeddable":true,"href":"https:\/\/p4h.world\/es\/wp-json\/wp\/v2\/comments?post=987655091"}],"version-history":[{"count":0,"href":"https:\/\/p4h.world\/es\/wp-json\/wp\/v2\/news\/987655091\/revisions"}],"wp:attachment":[{"href":"https:\/\/p4h.world\/es\/wp-json\/wp\/v2\/media?parent=987655091"}],"wp:term":[{"taxonomy":"category","embeddable":true,"href":"https:\/\/p4h.world\/es\/wp-json\/wp\/v2\/categories?post=987655091"},{"taxonomy":"post_tag","embeddable":true,"href":"https:\/\/p4h.world\/es\/wp-json\/wp\/v2\/tags?post=987655091"}],"curies":[{"name":"wp","href":"https:\/\/api.w.org\/{rel}","templated":true}]}}