{"id":987655209,"date":"2020-07-07T05:46:53","date_gmt":"2020-07-07T04:46:53","guid":{"rendered":"https:\/\/p4h.world\/news\/retos-y-soluciones-para-la-proteccion-del-personal-sanitario-durante-la-pandemia-de-covid-19-estrategias-y-lecciones-aprendidas-seminario-del-8-de-julio-de-2020\/"},"modified":"2020-07-07T05:46:53","modified_gmt":"2020-07-07T04:46:53","slug":"retos-y-soluciones-para-la-proteccion-del-personal-sanitario-durante-la-pandemia-de-covid-19-estrategias-y-lecciones-aprendidas-seminario-del-8-de-julio-de-2020","status":"publish","type":"news","link":"https:\/\/p4h.world\/es\/news\/retos-y-soluciones-para-la-proteccion-del-personal-sanitario-durante-la-pandemia-de-covid-19-estrategias-y-lecciones-aprendidas-seminario-del-8-de-julio-de-2020\/","title":{"rendered":"Retos y soluciones para la protecci\u00f3n del personal sanitario durante la pandemia de COVID-19: Estrategias y lecciones aprendidas | Seminario del 8 de julio de 2020"},"content":{"rendered":"<p><strong><em><span lang=\"EN-US\">EVENTO CONJUNTO DE ACCESO A LAS HERRAMIENTAS DE COVID-19-Accelerator (ACT-A) GRUPO DE SISTEMAS DE SALUD  <\/span><\/em><\/strong><\/p>\n<blockquote>\n<p><strong><span lang=\"EN-US\"><span><span>Mi\u00e9rcoles, 08 de julio de 2020 &nbsp;| 8:30am &#8211; 10:00am Hora DC<\/span><\/span><\/span><\/strong><strong><em> <\/em><\/strong><\/p>\n<p><span lang=\"en\">Pulse <a href=\"https:\/\/p4h.world\/en\/event\/challenges-and-solutions-protecting-health-workforce-during-covid-19-pandemic-strategies-and-lessons-learned\" target=\"_blank\" rel=\"noopener\">aqu\u00ed<\/a> para consultar el orden del d\u00eda e informaci\u00f3n sobre c\u00f3mo participar.<\/span><\/p>\n<\/blockquote>\n<p><strong><em><span lang=\"EN-US\"><strong><span><span><span><strong><span><span><span>Fondo<\/span><\/span><\/span><\/strong><\/span><\/span><\/span><\/strong><\/span><\/em><\/strong><\/p>\n<p><span><span>La pandemia de COVID-19 ha afectado de forma desproporcionada al personal sanitario de todo el mundo. La escasez de equipos de protecci\u00f3n personal (EPP), unida a la insuficiencia de medidas de prevenci\u00f3n y control de infecciones (CIP), agua, saneamiento e higiene (WASH) y apoyo psicosocial, ha dado lugar a elevadas tasas de infecci\u00f3n por COVID-19 entre los trabajadores sanitarios, as\u00ed como a un aumento de los casos de violencia y estigma contra ellos. La elevada tasa de infecciones entre los PS ha mermado el personal sanitario de muchos pa\u00edses y ha provocado interrupciones en la prestaci\u00f3n de servicios sanitarios esenciales.  <\/span><\/span><\/p>\n<p><strong><span><span><span>Objetivo del seminario<\/span><\/span><\/span><\/strong><\/p>\n<p><span><span>El objetivo del seminario es iniciar un debate sobre los retos y las soluciones para proteger al personal sanitario en medio de la actual pandemia de COVID-19. En la sesi\u00f3n se debatir\u00e1n las herramientas COVID-19 y las lecciones aprendidas en la protecci\u00f3n de los trabajadores sanitarios durante la pandemia, incluidas las lecciones sobre la distribuci\u00f3n y utilizaci\u00f3n de EPP para los trabajadores sanitarios, la integraci\u00f3n de las estrategias WASH y CIP en los centros sanitarios, la aplicaci\u00f3n de planes de protecci\u00f3n financiera para los trabajadores sanitarios, el apoyo psicosocial, as\u00ed como otras necesidades operativas y de formaci\u00f3n para proteger al personal sanitario.  <\/span><\/span><\/p>\n<blockquote>\n<p><strong><span><span><span>Facilitadores:<\/span><\/span><\/span><\/strong><\/p>\n<p><span><strong><span><span><span>Feng Zhao,  <\/span><\/span><\/span><\/strong><span><span><span><em><span><span>Director de Pr\u00e1cticas, HNP, <em><br \/>\n  <span><br \/>\n    <span>Compromiso Global <em><span><span>GBM <\/span><\/span><\/em><\/span><br \/>\n  <\/span><br \/>\n<\/em> <\/span><\/span><\/em><\/span><\/span><\/span><\/span><\/p>\n<p><strong><br \/>\n  <span><br \/>\n    <span><br \/>\n      <span>Marijke Wijnroks <\/span><br \/>\n    <\/span><br \/>\n  <\/span><br \/>\n<\/strong><span><br \/>\n  <span><br \/>\n    <span><br \/>\n      <em><br \/>\n        <span><br \/>\n          <span>Jefa de Personal, Fondo Mundial<\/span><br \/>\n        <\/span><br \/>\n      <\/em><br \/>\n    <\/span><br \/>\n  <\/span><br \/>\n<\/span><\/p>\n<p><strong><br \/>\n  <span><br \/>\n    <span><br \/>\n      <span>Agnes Soucat <\/span><br \/>\n    <\/span><br \/>\n  <\/span><br \/>\n<\/strong><span><br \/>\n  <span><br \/>\n    <span><br \/>\n      <em><br \/>\n        <span><br \/>\n          <span>Directora de Gobernanza y Financiaci\u00f3n del Sistema Sanitario, OMS<\/span><br \/>\n        <\/span><br \/>\n      <\/em><br \/>\n    <\/span><br \/>\n  <\/span><br \/>\n<\/span><\/p>\n<\/blockquote>\n","protected":false},"excerpt":{"rendered":"<p>EVENTO CONJUNTO DE ACCESO A LAS HERRAMIENTAS DE COVID-19-Accelerator (ACT-A) GRUPO DE SISTEMAS DE SALUD Mi\u00e9rcoles, 08 de julio de 2020 &nbsp;| 8:30am &#8211; 10:00am Hora DC Pulse aqu\u00ed para consultar el orden del d\u00eda e informaci\u00f3n sobre c\u00f3mo participar. Fondo La pandemia de COVID-19 ha afectado de forma desproporcionada al personal sanitario de todo&#8230;<\/p>\n","protected":false},"author":848,"featured_media":0,"comment_status":"","ping_status":"closed","template":"","meta":{"_et_pb_use_builder":"","_et_pb_old_content":"","_et_gb_content_width":""},"categories":[],"tags":[2434],"acf":[],"_links":{"self":[{"href":"https:\/\/p4h.world\/es\/wp-json\/wp\/v2\/news\/987655209"}],"collection":[{"href":"https:\/\/p4h.world\/es\/wp-json\/wp\/v2\/news"}],"about":[{"href":"https:\/\/p4h.world\/es\/wp-json\/wp\/v2\/types\/news"}],"author":[{"embeddable":true,"href":"https:\/\/p4h.world\/es\/wp-json\/wp\/v2\/users\/848"}],"replies":[{"embeddable":true,"href":"https:\/\/p4h.world\/es\/wp-json\/wp\/v2\/comments?post=987655209"}],"version-history":[{"count":0,"href":"https:\/\/p4h.world\/es\/wp-json\/wp\/v2\/news\/987655209\/revisions"}],"wp:attachment":[{"href":"https:\/\/p4h.world\/es\/wp-json\/wp\/v2\/media?parent=987655209"}],"wp:term":[{"taxonomy":"category","embeddable":true,"href":"https:\/\/p4h.world\/es\/wp-json\/wp\/v2\/categories?post=987655209"},{"taxonomy":"post_tag","embeddable":true,"href":"https:\/\/p4h.world\/es\/wp-json\/wp\/v2\/tags?post=987655209"}],"curies":[{"name":"wp","href":"https:\/\/api.w.org\/{rel}","templated":true}]}}