{"id":987655233,"date":"2020-07-07T05:50:10","date_gmt":"2020-07-07T04:50:10","guid":{"rendered":"https:\/\/p4h.world\/news\/retos-y-soluciones-para-la-proteccion-del-personal-sanitario-durante-la-pandemia-de-covid-19-estrategias-y-lecciones-aprendidas\/"},"modified":"2020-07-07T05:50:10","modified_gmt":"2020-07-07T04:50:10","slug":"retos-y-soluciones-para-la-proteccion-del-personal-sanitario-durante-la-pandemia-de-covid-19-estrategias-y-lecciones-aprendidas","status":"publish","type":"news","link":"https:\/\/p4h.world\/es\/news\/retos-y-soluciones-para-la-proteccion-del-personal-sanitario-durante-la-pandemia-de-covid-19-estrategias-y-lecciones-aprendidas\/","title":{"rendered":"Retos y soluciones para la protecci\u00f3n del personal sanitario durante la pandemia de COVID-19: Estrategias y lecciones aprendidas"},"content":{"rendered":"<p><strong><em><span lang=\"EN-US\">EVENTO CONJUNTO DE ACCESO A LAS HERRAMIENTAS DE COVID-19-Accelerator (ACT-A) GRUPO DE SISTEMAS DE SALUD<\/span><\/em><\/strong><\/p>\n<blockquote>\n<p><span><br \/>\n  <span><br \/>\n    <span>N\u00famero de reuni\u00f3n:<\/span><br \/>\n  <\/span><br \/>\n<\/span><strong><br \/>\n  <span><br \/>\n    <span><br \/>\n      <span> 160 027 8693<\/span><br \/>\n    <\/span><br \/>\n  <\/span><br \/>\n<\/strong><br \/>\n<span><br \/>\n  <span><br \/>\n    <span>Contrase\u00f1a de la reuni\u00f3n: <\/span><br \/>\n  <\/span><br \/>\n<\/span><strong><br \/>\n  <span><br \/>\n    <span><br \/>\n      <span>W9ni3eRBJP2<\/span><br \/>\n    <\/span><br \/>\n  <\/span><br \/>\n<\/strong><\/p>\n<\/blockquote>\n<p><strong><span><span><span>Fondo<\/span><\/span><\/span><\/strong><\/p>\n<p><span><span>La pandemia de COVID-19 ha afectado de forma desproporcionada al personal sanitario de todo el mundo. La escasez de equipos de protecci\u00f3n personal (EPP), unida a la insuficiencia de medidas de prevenci\u00f3n y control de infecciones (CIP), agua, saneamiento e higiene (WASH) y apoyo psicosocial, ha dado lugar a elevadas tasas de infecci\u00f3n por COVID-19 entre los trabajadores sanitarios, as\u00ed como a un aumento de los casos de violencia y estigma contra ellos. La elevada tasa de infecciones entre los profesionales sanitarios ha mermado el personal sanitario en muchos pa\u00edses y ha provocado interrupciones en la prestaci\u00f3n de servicios sanitarios esenciales.  <\/span><\/span><\/p>\n<p><strong><span><span><span>Objetivo del seminario<\/span><\/span><\/span><\/strong><\/p>\n<p><span><span>El objetivo del seminario es iniciar un debate sobre los retos y las soluciones para proteger al personal sanitario en medio de la actual pandemia de COVID-19. En la sesi\u00f3n se debatir\u00e1n las herramientas COVID-19 y las lecciones aprendidas en la protecci\u00f3n de los trabajadores sanitarios durante la pandemia, incluidas las lecciones sobre la distribuci\u00f3n y utilizaci\u00f3n de EPP para los trabajadores sanitarios, la integraci\u00f3n de las estrategias WASH y CIP en los centros sanitarios, la aplicaci\u00f3n de planes de protecci\u00f3n financiera para los trabajadores sanitarios, el apoyo psicosocial, as\u00ed como otras necesidades operativas y de formaci\u00f3n para proteger al personal sanitario.  <\/span><\/span><\/p>\n<blockquote>\n<p><strong><span><span><span>Facilitadores:<\/span><\/span><\/span><\/strong><\/p>\n<p><span><strong><span><span><span>Feng Zhao,  <\/span><\/span><\/span><\/strong><span><span><span><em><span><span>Director de Pr\u00e1cticas, HNP, <em><br \/>\n  <span><br \/>\n    <span>Compromiso Global <em><span><span>GBM <\/span><\/span><\/em><\/span><br \/>\n  <\/span><br \/>\n<\/em> <\/span><\/span><\/em><\/span><\/span><\/span><\/span><\/p>\n<p><strong><br \/>\n  <span><br \/>\n    <span><br \/>\n      <span>Marijke Wijnroks <\/span><br \/>\n    <\/span><br \/>\n  <\/span><br \/>\n<\/strong><span><br \/>\n  <span><br \/>\n    <span><br \/>\n      <em><br \/>\n        <span><br \/>\n          <span>Jefa de Personal, Fondo Mundial<\/span><br \/>\n        <\/span><br \/>\n      <\/em><br \/>\n    <\/span><br \/>\n  <\/span><br \/>\n<\/span><\/p>\n<p><strong><br \/>\n  <span><br \/>\n    <span><br \/>\n      <span>Agnes Soucat <\/span><br \/>\n    <\/span><br \/>\n  <\/span><br \/>\n<\/strong><span><br \/>\n  <span><br \/>\n    <span><br \/>\n      <em><br \/>\n        <span><br \/>\n          <span>Directora de Gobernanza y Financiaci\u00f3n de los Sistemas de Salud, OMS<\/span><br \/>\n        <\/span><br \/>\n      <\/em><br \/>\n    <\/span><br \/>\n  <\/span><br \/>\n<\/span><\/p>\n<\/blockquote>\n<p><span><span>El orden del d\u00eda del acto ser\u00e1 el siguiente:  <\/span><\/span><\/p>\n<p><strong><span><span>Agenda (evento de 1 hr. 30 minutos)<\/span><\/span><\/strong><\/p>\n<ul>\n<li><span><span><span>Comentarios iniciales: (5-8 minutos en total)<\/span><\/span><\/span>\n<ul>\n<li><span><span><span><span><span><strong>Muhammad Pate<\/strong>, Director Mundial de Salud, Nutrici\u00f3n y Poblaci\u00f3n, GBM  <\/span><\/span><\/span><\/span><\/span><\/li>\n<li><span><span><span><span><span><strong>Peter Sands<\/strong><em><br \/>\n  <span>, <\/span><br \/>\n<\/em>Director Ejecutivo del Fondo Mundial de Lucha contra el Sida, la Tuberculosis y la Malaria (TBD)<\/span><\/span><\/span><\/span><\/span><\/li>\n<li><span><span><span><span><span><strong>Zsuzsanna Jakab<\/strong>, Directora General Adjunta, OMS (TBD)<\/span><\/span><\/span><\/span><\/span><\/li>\n<\/ul>\n<\/li>\n<\/ul>\n<p><strong><span><span>Panelistas<\/span><\/span><\/strong><\/p>\n<p><span><span><span>Los panelistas participar\u00e1n en una mesa redonda sobre las herramientas, estrategias y lecciones aprendidas en la protecci\u00f3n de los trabajadores sanitarios durante la pandemia de COVID-19.  <strong>(50 minutos)<\/strong><\/span><\/span><\/span><\/p>\n<ul>\n<li><span><strong><br \/>\n  <span><br \/>\n    <span>Dr. Faisal Shuaib<\/span><br \/>\n  <\/span><br \/>\n<\/strong><span><br \/>\n  <span>Director Ejecutivo de la Agencia Nacional para el Desarrollo de la Atenci\u00f3n Primaria (NPHCDA) <\/span><br \/>\n<\/span> <\/span><\/li>\n<\/ul>\n<ul>\n<li><span><strong><br \/>\n  <span><br \/>\n    <span>Dr. Jacques Katshitshi<\/span><br \/>\n  <\/span><br \/>\n<\/strong><span><br \/>\n  <span>Secretario General de la Cruz Roja, Rep\u00fablica Democr\u00e1tica del Congo, (RDC) <\/span><br \/>\n<\/span> <\/span><\/li>\n<\/ul>\n<ul>\n<li><span><strong><br \/>\n  <span><br \/>\n    <span>Dr. Malik Muhammad Safi<\/span><br \/>\n  <\/span><br \/>\n<\/strong><span><br \/>\n  <span>, Director General, Ministerio de Servicios Nacionales de Salud, Reglamentaci\u00f3n y Coordinaci\u00f3n, Pakist\u00e1n <\/span><br \/>\n<\/span> <\/span><\/li>\n<li><span><strong><br \/>\n  <span><br \/>\n    <span>Sylvana Q. Sinha<\/span><br \/>\n  <\/span><br \/>\n<\/strong><span><br \/>\n  <span>, Fundadora y Directora General, Praava Health, Bangladesh <\/span><br \/>\n<\/span> <\/span><\/li>\n<\/ul>\n<p>&nbsp;<\/p>\n<p><strong><span><span>Preguntas y respuestas (25 minutos)<\/span><\/span><\/strong><\/p>\n<p>&nbsp;<\/p>\n<p><strong><span><span><span>Acerca de los ponentes<\/span><\/span><\/span><\/strong><\/p>\n<p><strong><span><span>Dr. Faisal Shuaib<\/span><\/span><\/strong><span><span>  es Director Ejecutivo y Consejero Delegado de la Agencia Nacional de Desarrollo de la Atenci\u00f3n Primaria de Nigeria. Doctor en medicina y especialista en salud p\u00fablica, el Dr. Shuaib fue Oficial Superior de Programas (\u00c1frica) de la Fundaci\u00f3n Bill y Melinda Gates (BMGF) en Seattle (EE.UU.), donde se encarg\u00f3 de desarrollar y aplicar estrategias de respuesta a los brotes de poliomielitis en \u00c1frica. En 2014, el Dr. Shuaib coordin\u00f3 la exitosa respuesta de Nigeria al brote de la enfermedad por el virus del \u00c9bola (EVE) como director de incidentes del Centro de Operaciones de Emergencia contra el \u00c9bola. Tambi\u00e9n fue miembro del grupo de seis personas establecido para evaluar la respuesta de la Organizaci\u00f3n Mundial de la Salud (OMS) al brote mundial de \u00e9bola en 2014 y prest\u00f3 asesoramiento t\u00e9cnico al Ministerio Federal de Sanidad de Nigeria y a la NPHCDA en \u00e1reas de inmunizaci\u00f3n y actividades de erradicaci\u00f3n de la poliomielitis entre 2012 y 2015. El Dr. Shuaib tambi\u00e9n trabaj\u00f3 como investigador asociado en la Universidad de Alabama en Birmingham.<\/span><\/span><\/p>\n<p><span><span><strong><span><span>Dr. Jacques Katshitshi<\/span><\/span><\/strong><span><span>  es el Secretario General de la Cruz Roja en la Rep\u00fablica Democr\u00e1tica del Congo. Es m\u00e9dico y cuenta con m\u00e1s de 25 a\u00f1os de experiencia en cl\u00ednica, epidemiolog\u00eda y salud p\u00fablica. Entre 2001 y 2016, la Dra. Katshitshi fue desplegada por la Federaci\u00f3n Internacional de Sociedades de la Cruz Roja y de la Media Luna Roja (FICR) en Hait\u00ed y en varios pa\u00edses africanos para diversas operaciones de emergencia.<\/span><\/span><\/span><\/span><\/p>\n<p><span><strong><span><span>Dr. Malik Muhammad Safi  <\/span><\/span><\/strong><span><span>es Director General de Sanidad del Ministerio de Servicios Nacionales de Salud, Reglamentaci\u00f3n y Coordinaci\u00f3n de Pakist\u00e1n. Antes de ocupar el cargo de Director General, fue Director de Programas Sanitarios y Jefe de la Unidad de Planificaci\u00f3n Sanitaria, Fortalecimiento del Sistema y An\u00e1lisis de la Informaci\u00f3n del Ministerio de Servicios Nacionales de Salud, Regulaci\u00f3n y Coordinaci\u00f3n de Pakist\u00e1n. Tambi\u00e9n ha trabajado como coordinador principal del Centro Nacional de Operaciones de Emergencia para la Polio en Pakist\u00e1n.<\/span><\/span><\/span><\/p>\n<p><strong><span><span>Sylvana Q. Sinha  <\/span><\/span><\/strong><span><span>es fundadora y directora ejecutiva de Praava Health, una red de centros de salud familiar de Bangladesh que ofrece servicios de diagn\u00f3stico y salud familiar centrados en el paciente y facilitados por la tecnolog\u00eda. La misi\u00f3n de Praava es capacitar a los pacientes para gestionar su salud alineando la atenci\u00f3n con los valores y tratando a los pacientes con dignidad.<\/span><\/span><\/p>\n<p>&nbsp;<\/p>\n<p><span><strong><span><span><span>Acerca de ACT-A Health Systems Group<\/span><\/span><\/span><\/strong><\/span><\/p>\n<p><em><span><span>El objetivo del Grupo de Sistemas Sanitarios para el Acceso a las Herramientas COVID-19 (ACT-A) es acelerar el desarrollo y despliegue de vacunas, tratamientos y diagn\u00f3sticos universalmente disponibles y asequibles, acompa\u00f1ados del fortalecimiento de los sistemas sanitarios para hacerlos llegar a las poblaciones destinatarias. El marco de ACT-A incluye tres asociaciones (vacunas, terap\u00e9utica, diagn\u00f3stico), que funcionan de la forma m\u00e1s aut\u00f3noma posible, con un &#8220;conector&#8221; transversal sobre los sistemas sanitarios<\/span><\/span><\/em><span><span>.<\/span><\/span><\/p>\n<p>&nbsp;<\/p>\n<p><span><span><span>Este acto y sus materiales son producto del personal del Banco Internacional de Reconstrucci\u00f3n y Fomento\/Banco Mundial y de participantes externos al acto. Los resultados, interpretaciones y conclusiones expresados en este evento no reflejan necesariamente las opiniones del Banco Mundial, de sus Directores Ejecutivos o de los gobiernos a los que representan.  <\/span><\/span><\/span><\/p>\n<blockquote>\n<p><span><span>El acto est\u00e1 abierto a la participaci\u00f3n externa s\u00f3lo por invitaci\u00f3n.  <span><span>Se ruega confirmaci\u00f3n de asistencia a <strong>Erika Yanick<\/strong> (<\/span><\/span><a><span><span>eyanick@worldbank.org<\/span><\/span><\/a><span><span>) y <strong>Hoang Minh Do <\/strong>(<\/span><\/span><a><span><span>hdo@worldbank.org<\/span><\/span><\/a><span><span>) si tiene previsto asistir.<span><span>  Si tiene preguntas durante el periodo de preguntas y respuestas, h\u00e1galas a trav\u00e9s de la funci\u00f3n de chat.<\/span><\/span><\/span><\/span><\/span><\/span><\/p>\n<\/blockquote>\n<p><span><br \/>\n  <span>Para m\u00e1s informaci\u00f3n, p\u00f3ngase en contacto con <strong>Martin Lutalo <\/strong><\/span><br \/>\n<\/span><a><br \/>\n  <span><br \/>\n    <span>mlutalo@worldbank.org<\/span><br \/>\n  <\/span><br \/>\n<\/a><span><br \/>\n  <span> y <strong>Sulzhan Bali <\/strong><\/span><br \/>\n<\/span><a><br \/>\n  <span><br \/>\n    <span>sbali@worldbank.org<\/span><br \/>\n  <\/span><br \/>\n<\/a><\/p>\n<p><b>Hora del evento : <\/b>08 Jul 2020 6:30 am to 08 Jul 2020 8:00 am<br \/><b>Zona horaria: <\/b>UTC-04:00<br \/>El <b>evento es una conferencia : <\/b>No<br \/><a href=\"https:\/\/www.youtube.com\/watch?v=RxeuaarijuE\" target=\"_blank\" rel=\"noopener\">YouTube<\/a><br \/><a href=\"https:\/\/worldbankgroup.webex.com\/mw3300\/mywebex\/default.do?service=1&amp;siteurl=worldbankgroup&amp;nomenu=true&amp;main_url=%2Fmc3300%2Fe.do%3Fsiteurl%3Dworldbankgroup%26AT%3DMI%26EventID%3D1040801387%26UID%3D0%26Host%3DQUhTSwAAAAR_YE5BvBq0C9XlCVdaiau59flFVdDyHqKyeCXXiIUtQQukIAsm8LrCAmcCJ1ezwHDtcXNEL8Yp-88BdlJ3_t-40%26FrameSet%3D2%26MTID%3Dm5152b0649aff9bee368f27b8b7a48058\" target=\"_blank\" rel=\"noopener\">\u00danase mediante WebEx<\/a><\/p>\n","protected":false},"excerpt":{"rendered":"<p>EVENTO CONJUNTO DE ACCESO A LAS HERRAMIENTAS DE COVID-19-Accelerator (ACT-A) GRUPO DE SISTEMAS DE SALUD N\u00famero de reuni\u00f3n: 160 027 8693 Contrase\u00f1a de la reuni\u00f3n: W9ni3eRBJP2 Fondo La pandemia de COVID-19 ha afectado de forma desproporcionada al personal sanitario de todo el mundo. La escasez de equipos de protecci\u00f3n personal (EPP), unida a la insuficiencia&#8230;<\/p>\n","protected":false},"author":848,"featured_media":0,"comment_status":"","ping_status":"closed","template":"","meta":{"_et_pb_use_builder":"","_et_pb_old_content":"","_et_gb_content_width":""},"categories":[],"tags":[2434],"acf":[],"_links":{"self":[{"href":"https:\/\/p4h.world\/es\/wp-json\/wp\/v2\/news\/987655233"}],"collection":[{"href":"https:\/\/p4h.world\/es\/wp-json\/wp\/v2\/news"}],"about":[{"href":"https:\/\/p4h.world\/es\/wp-json\/wp\/v2\/types\/news"}],"author":[{"embeddable":true,"href":"https:\/\/p4h.world\/es\/wp-json\/wp\/v2\/users\/848"}],"replies":[{"embeddable":true,"href":"https:\/\/p4h.world\/es\/wp-json\/wp\/v2\/comments?post=987655233"}],"version-history":[{"count":0,"href":"https:\/\/p4h.world\/es\/wp-json\/wp\/v2\/news\/987655233\/revisions"}],"wp:attachment":[{"href":"https:\/\/p4h.world\/es\/wp-json\/wp\/v2\/media?parent=987655233"}],"wp:term":[{"taxonomy":"category","embeddable":true,"href":"https:\/\/p4h.world\/es\/wp-json\/wp\/v2\/categories?post=987655233"},{"taxonomy":"post_tag","embeddable":true,"href":"https:\/\/p4h.world\/es\/wp-json\/wp\/v2\/tags?post=987655233"}],"curies":[{"name":"wp","href":"https:\/\/api.w.org\/{rel}","templated":true}]}}