{"id":987655284,"date":"2019-03-13T05:47:44","date_gmt":"2019-03-13T04:47:44","guid":{"rendered":"https:\/\/p4h.world\/news\/la-conferencia-regional-ahaic-2019-sobre-uhc-se-celebro-en-kigali\/"},"modified":"2019-03-13T05:47:44","modified_gmt":"2019-03-13T04:47:44","slug":"la-conferencia-regional-ahaic-2019-sobre-uhc-se-celebro-en-kigali","status":"publish","type":"news","link":"https:\/\/p4h.world\/es\/news\/la-conferencia-regional-ahaic-2019-sobre-uhc-se-celebro-en-kigali\/","title":{"rendered":"La Conferencia regional AHAIC 2019 sobre UHC se celebr\u00f3 en Kigali"},"content":{"rendered":"<ul>\n<li><span><span><span><span><span><span>La primera jornada se dedic\u00f3 principalmente a preparar el escenario de la UHC.  &nbsp;Los debates se iniciaron en torno a la necesidad de contar con s\u00f3lidos sistemas de atenci\u00f3n primaria de salud (APS) como primera l\u00ednea para lograr la cobertura sanitaria universal.&nbsp;  La AHAIC 2019 retom\u00f3 las conversaciones iniciadas en la conferencia de Astana sobre APS para profundizar en el futuro de los sistemas de APS en \u00c1frica. Tratar de extraer ense\u00f1anzas de los pa\u00edses africanos que lideran el modelado de intervenciones de APS de alto rendimiento, asequibles, accesibles y sostenibles.&nbsp;  Entre los ponentes se encontraban:  <\/span><\/span><\/span><\/span><strong><span><span><span>Dr. Jean Kagubare,  <\/span><\/span><\/span><\/strong><strong><span><span><span><span>Directora Adjunta de Atenci\u00f3n Primaria de Salud Mundial, Fundaci\u00f3n Bill y Melinda Gates<span>, <\/span> <\/span><\/span><\/span><\/span><\/strong><strong><span><span><span>Excma. Sra. Sarah Opendi  <\/span><\/span><\/span><\/strong><strong><span><span><span><span>Secretario de Estado de Sanidad de Uganda<span>, <\/span> <\/span><\/span><\/span><\/span><\/strong><strong><span><span><span>Rogerio Ribeiro,  <\/span><\/span><\/span><\/strong><strong><span><span><span><span>Vicepresidente primero de la Unidad de Salud Mundial de GlaxoSmithKline (GSK)<span>, <\/span> <\/span><\/span><\/span><\/span><\/strong><strong><span><span><span>Farid Fezoua  <\/span><\/span><\/span><\/strong><strong><span><span><span><span>Presidente y Director General de GE Healthcare \u00c1frica,<\/span><\/span><\/span><\/span><\/strong><strong> <\/strong><strong><span><span><span>Dr. Patrick Ndimubanzi,  <\/span><\/span><\/span><\/strong><strong><span><span><span><span>Secretario de Estado de Atenci\u00f3n Primaria<\/span><\/span><\/span><\/span><\/strong><strong><span><span><span>,  <\/span><\/span><\/span><\/strong><strong><span><span><span><span>Ruanda<\/span><\/span><\/span><\/span><\/strong><strong><span><span><span><span>,  <\/span><\/span><\/span><\/span><\/strong><strong><span><span><span>Dr. Sanele Madela  <\/span><\/span><\/span><\/strong><strong><span><span><span>Fundador y Consejero Delegado, Expectra 868 Health Solutions<span>, Sud\u00e1frica<\/span><\/span><\/span><\/span><\/strong><strong><span><span><span><span>,  <\/span><\/span><\/span><\/span><\/strong><strong><span><span><span>Wilson Musoni,  <\/span><\/span><\/span><\/strong><strong><span><span><span><span>Trabajador sanitario comunitario, Ruanda.<\/span><\/span><\/span><\/span><\/strong><\/span><\/span><\/li>\n<li><span><span><span><span><span><span><span><span><span>C\u00f3mo financiar la expansi\u00f3n de la cobertura sanitaria universal fue el tema candente de la segunda jornada. Un panel inici\u00f3 los debates con <strong><br \/>\n  <span>Yacine Sambe Diouf<\/span><br \/>\n<\/strong>&nbsp;del Ministerio de Econom\u00eda y Hacienda de Senegal y&nbsp;<strong><br \/>\n  <span>Dra.&nbsp;Angela Gichaga<\/span><br \/>\n<\/strong>Directora General de Financing Alliance for Health. Diouf dio a los defensores de la sanidad algunos consejos de experto sobre c\u00f3mo colaborar mejor con los ministerios de Hacienda: entender las prioridades contrapuestas de los distintos sectores, dejar tiempo para aumentos presupuestarios graduales y demostrar resultados con el dinero ya asignado. Fue interesante o\u00edr que Senegal tiene previsto cumplir el objetivo de la Declaraci\u00f3n de Abuja de dedicar el 15% del presupuesto estatal a la sanidad en tres a\u00f1os.<\/span><\/span><\/span><\/span><\/span><\/span><\/span><\/span><\/span><\/li>\n<li><span><span><span><span><span><strong><br \/>\n  <span><br \/>\n    <span><br \/>\n      <span><br \/>\n        <span>Excma. Dra. Diane Gashumba<\/span><br \/>\n      <\/span><br \/>\n    <\/span><br \/>\n  <\/span><br \/>\n<\/strong><span><br \/>\n  <span><br \/>\n    <span><br \/>\n      <span>&nbsp;(Ministra de Sanidad de Ruanda) <\/span><br \/>\n    <\/span><br \/>\n  <\/span><br \/>\n<\/span> <span><span><span>abierto<strong>&nbsp;<\/strong><strong><br \/>\n  <span><br \/>\n    <span>el posterior<\/span><br \/>\n  <\/span><br \/>\n<\/strong>&nbsp;sesi\u00f3n plenaria  <span>sobre el acceso a la atenci\u00f3n sanitaria, en conversaci\u00f3n con&nbsp;<strong><br \/>\n  <span>Senait Fiseha Alemu<\/span><br \/>\n<\/strong>trabajadora sanitaria de Etiop\u00eda. Debatieron diversas formas de motivar a los trabajadores sanitarios de la comunidad, como la remuneraci\u00f3n basada en el rendimiento, las oportunidades de educaci\u00f3n y desarrollo profesional y la importancia del reconocimiento de la comunidad.&nbsp;<\/span><\/span><\/span><\/span><\/span><\/span><\/span><\/span><\/span><\/li>\n<li><span><span><span><span><span><strong><span><span><span><span>HE Toyin Saraki&nbsp;<\/span><\/span><\/span><\/span><\/strong><span><span><span><span>(Fundadora-Presidenta de The Wellbeing Foundation Africa),&nbsp;<strong><br \/>\n  <span>&nbsp;Sarah Opendi<\/span><br \/>\n<\/strong>&nbsp;(Ministra de Sanidad de Uganda),&nbsp;y otros participantes se reunieron en un gran debate sobre la responsabilidad social para la cobertura sanitaria universal organizado por PATH junto con Amref Health Africa. &#8220;Debemos combinar la inteligencia y los conocimientos de las comunidades con la innovaci\u00f3n global. Con demasiada frecuencia, las decisiones pol\u00edticas nacionales o mundiales simplemente no&nbsp;llegan de forma efectiva a la primera l\u00ednea&#8221;, afirm\u00f3 S.E. Saraki.<\/span><\/span><\/span><\/span><\/span><\/span><\/span><\/span><\/span><\/li>\n<li><span><span><span><span><strong><strong><span><span><span><span>D\u00eda 3  <\/span><\/span><\/span><\/span><\/strong><span><span><span>La sesi\u00f3n plenaria de la ma\u00f1ana comenz\u00f3 con un debate sobre c\u00f3mo definir y mejorar la calidad de la atenci\u00f3n en diversos entornos. Como se\u00f1al\u00f3 un m\u00e9dico ruand\u00e9s: &#8220;Si el paciente no puede aceptar la atenci\u00f3n, entonces no es de calidad; tenemos que prestar una atenci\u00f3n de calidad que satisfaga las necesidades del paciente&#8221;. Junto al Dr. Dahir formaban parte del panel <strong>Serigne Magueye Gueye<\/strong>, Presidente del Colegio de Cirujanos de \u00c1frica Occidental; <strong>Frasia Karua<\/strong>, Directora General de Amref Enterprises; e <strong>Ian Askew<\/strong>, Director del Departamento de Salud Reproductiva e Investigaci\u00f3n de la OMS. Los debates se centraron en la importancia de los datos, la medici\u00f3n y las intervenciones comunitarias para mejorar la calidad de la atenci\u00f3n.<\/span><\/span><\/span><\/strong><\/span><\/span><\/span><\/span><\/li>\n<li><span><span><span><span><span><span><span><span>La siguiente sesi\u00f3n plenaria continu\u00f3 con un interesante panel sobre <strong>las innovaciones que est\u00e1n impulsando el cambio y dando un salto hacia la cobertura sanitaria universal en \u00c1frica <\/strong>.  &#8211; incluidas las tecnolog\u00edas de telefon\u00eda m\u00f3vil para poner a las personas en contacto con los m\u00e9dicos y la atenci\u00f3n de calidad cuando la necesitan ( Director de Programas Internacionales, Babylon Health); la rob\u00f3tica y la inteligencia artificial para facilitar la prestaci\u00f3n de asistencia sanitaria (MINT Innovations); las estrategias para aprovechar las cadenas de suministro de productos existentes para suministrar medicamentos esenciales (ColaLife); tecnolog\u00eda de drones para suministrar productos sangu\u00edneos a comunidades remotas (Jefe de Implementaci\u00f3n Nacional (Ruanda), Zipline International); e innovaciones digitales para llegar hasta el \u00faltimo kil\u00f3metro y promover la equidad sanitaria, como los registros electr\u00f3nicos de inmunizaci\u00f3n que ofrecen a los trabajadores sanitarios de primera l\u00ednea datos sobre cada ni\u00f1o al alcance de su mano (David Fleming, Vicepresidente de Programas de Salud Mundial, PATH).<\/span><\/span><\/span><\/span><\/span><\/span><\/span><\/span><\/li>\n<li><span><span><span><span><span><span><span><span>Por la tarde, <strong>el Dr. Kibachio Joseph Mwangi<\/strong>, que dirige la lucha contra las ENT en el Ministerio de Sanidad <strong>de Kenia<\/strong>, comenz\u00f3 compartiendo las luchas de su propia familia para demostrar la carga social y financiera de las enfermedades no transmisibles. Cuando su propia madre enferm\u00f3 de c\u00e1ncer, le hizo tres preguntas:<\/span><\/span><\/span><\/span><\/span><\/span><\/span><\/span>\n<ul>\n<li><span><span><span><span><span><span><span><span>\u00bfPor qu\u00e9 voy a estar enferma a expensas de mis nietas?<\/span><\/span><\/span><\/span><\/span><\/span><\/span><\/span><\/li>\n<li><span><span><span><span><span><span><span><span>\u00bfPor qu\u00e9 no puede el Gobierno hablar con los fabricantes de medicamentos para que bajen el precio de los f\u00e1rmacos?<\/span><\/span><\/span><\/span><\/span><\/span><\/span><\/span><\/li>\n<li><span><span><span><span><span><span><span><span>\u00bfQui\u00e9n cuidar\u00e1 de ti, hijo m\u00edo?&nbsp;&nbsp;&nbsp; <\/span><\/span><\/span><\/span><\/span><\/span><\/span><\/span><br \/>\n\t\t<span><span><span><span><span><span><span><span>La sesi\u00f3n plenaria reuni\u00f3 a un variado grupo de ponentes que analizaron el poder de las asociaciones p\u00fablico-privadas para impulsar el acceso y la calidad de los servicios sanitarios, utilizando ejemplos de Gavi, MSD for Mothers, IFPMA y Nutrition International, entre otros.<\/span><\/span><\/span><\/span><\/span><\/span><\/span><\/span><\/li>\n<\/ul>\n<\/li>\n<li><span><span><span><span><span><span><span><span>Para concluir la conferencia, 11 parlamentarios de Ghana, Kenia, Ruanda, Senegal, Tanzania y Zambia lanzaron el <strong>&#8220;Comunicado de Kigali sobre la<\/strong> <strong>CSU<\/strong>&#8221; <strong>,<\/strong> <strong>comprometi\u00e9ndose a reforzar los sistemas de salud, abordar las desigualdades sanitarias, apoyar la salud comunitaria y garantizar el acceso universal a la inmunizaci\u00f3n para impulsar el progreso de la CSU en sus pa\u00edses<\/strong>.  <\/span><\/span><\/span><\/span><\/span><\/span><\/span><\/span><br \/>\n\t<span><span><span><span><span>&nbsp;<\/span><\/span><\/span><\/span><\/span><\/li>\n<\/ul>\n","protected":false},"excerpt":{"rendered":"<p>La primera jornada se dedic\u00f3 principalmente a preparar el escenario de la UHC. &nbsp;Los debates se iniciaron en torno a la necesidad de contar con s\u00f3lidos sistemas de atenci\u00f3n primaria de salud (APS) como primera l\u00ednea para lograr la cobertura sanitaria universal.&nbsp; La AHAIC 2019 retom\u00f3 las conversaciones iniciadas en la conferencia de Astana sobre&#8230;<\/p>\n","protected":false},"author":1888,"featured_media":0,"comment_status":"","ping_status":"closed","template":"","meta":{"_et_pb_use_builder":"","_et_pb_old_content":"","_et_gb_content_width":""},"categories":[2413],"tags":[],"acf":[],"_links":{"self":[{"href":"https:\/\/p4h.world\/es\/wp-json\/wp\/v2\/news\/987655284"}],"collection":[{"href":"https:\/\/p4h.world\/es\/wp-json\/wp\/v2\/news"}],"about":[{"href":"https:\/\/p4h.world\/es\/wp-json\/wp\/v2\/types\/news"}],"author":[{"embeddable":true,"href":"https:\/\/p4h.world\/es\/wp-json\/wp\/v2\/users\/1888"}],"replies":[{"embeddable":true,"href":"https:\/\/p4h.world\/es\/wp-json\/wp\/v2\/comments?post=987655284"}],"version-history":[{"count":0,"href":"https:\/\/p4h.world\/es\/wp-json\/wp\/v2\/news\/987655284\/revisions"}],"wp:attachment":[{"href":"https:\/\/p4h.world\/es\/wp-json\/wp\/v2\/media?parent=987655284"}],"wp:term":[{"taxonomy":"category","embeddable":true,"href":"https:\/\/p4h.world\/es\/wp-json\/wp\/v2\/categories?post=987655284"},{"taxonomy":"post_tag","embeddable":true,"href":"https:\/\/p4h.world\/es\/wp-json\/wp\/v2\/tags?post=987655284"}],"curies":[{"name":"wp","href":"https:\/\/api.w.org\/{rel}","templated":true}]}}