{"id":987655356,"date":"2018-11-08T05:47:52","date_gmt":"2018-11-08T04:47:52","guid":{"rendered":"https:\/\/p4h.world\/news\/la-adopcion-de-la-declaracion-de-astana-es-un-acontecimiento-historico-en-el-ambito-de-la-salud-mundial\/"},"modified":"2018-11-08T05:47:52","modified_gmt":"2018-11-08T04:47:52","slug":"la-adopcion-de-la-declaracion-de-astana-es-un-acontecimiento-historico-en-el-ambito-de-la-salud-mundial","status":"publish","type":"news","link":"https:\/\/p4h.world\/es\/news\/la-adopcion-de-la-declaracion-de-astana-es-un-acontecimiento-historico-en-el-ambito-de-la-salud-mundial\/","title":{"rendered":"La adopci\u00f3n de la Declaraci\u00f3n de Astana es un acontecimiento hist\u00f3rico en el \u00e1mbito de la salud mundial"},"content":{"rendered":"<p><em><span lang=\"EN-US\"><span>40 a\u00f1os despu\u00e9s de la Declaraci\u00f3n de Alma-Ata sobre atenci\u00f3n primaria de salud La Declaraci\u00f3n de Astana marca el rumbo para lograr la cobertura sanitaria universal.<\/span><\/span><\/em><\/p>\n<p><span lang=\"EN-US\">Pa\u00edses de todo el mundo han firmado la Declaraci\u00f3n de Astana, reafirmando su deseo de reforzar los sistemas de atenci\u00f3n primaria de salud como paso importante hacia la consecuci\u00f3n de la cobertura sanitaria universal. La Declaraci\u00f3n de Astana reafirma la hist\u00f3rica Declaraci\u00f3n de Alma-Ata de 1978, en la que, por primera vez, los l\u00edderes mundiales mostraron su compromiso con la atenci\u00f3n primaria de salud.<\/span><\/p>\n<p><span lang=\"EN-US\">Seg\u00fan el Ministro de Sanidad de la Rep\u00fablica de Kazajst\u00e1n, Yelzhan Birtanov, &#8220;la adopci\u00f3n de una declaraci\u00f3n en la Conferencia Mundial de Astana crear\u00e1 una nueva direcci\u00f3n para el desarrollo de la atenci\u00f3n primaria de salud como base de los sistemas sanitarios. La nueva declaraci\u00f3n refleja el compromiso de los pa\u00edses, las personas, las comunidades de los sistemas de salud y los socios para lograr una vida m\u00e1s sana para las personas a trav\u00e9s de una atenci\u00f3n primaria de salud sostenible&#8221;.<\/span><\/p>\n<p><span lang=\"EN-US\">&#8220;Hoy, en lugar de salud para todos, tenemos salud para algunos&#8221;, dijo el Dr. Tedros Adhann Gebreyesus, Director General de la Organizaci\u00f3n Mundial de la Salud (OMS). &#8220;Todos tenemos la grave responsabilidad de garantizar que la declaraci\u00f3n de hoy sobre atenci\u00f3n primaria de salud permita a todos disfrutar de su derecho b\u00e1sico a la salud en todas partes&#8221;.<\/span><\/p>\n<p><span lang=\"EN-US\">&nbsp;La Declaraci\u00f3n de Astana tiene lugar en el contexto de un creciente movimiento mundial a favor de grandes inversiones en atenci\u00f3n primaria para garantizar la cobertura sanitaria universal. Los recursos sanitarios se centran principalmente en la prevenci\u00f3n de enfermedades, en lugar de en un sistema sanitario s\u00f3lido e integral, una carencia marcada por varias emergencias sanitarias en los \u00faltimos a\u00f1os.<\/span><\/p>\n<p><span lang=\"EN-US\">UNICEF y la OMS ayudar\u00e1n a los gobiernos y a la sociedad civil a actuar de acuerdo con la Declaraci\u00f3n de Astana y les instar\u00e1n a apoyar el movimiento. UNICEF y la OMS tambi\u00e9n ayudar\u00e1n a los pa\u00edses a revisar la aplicaci\u00f3n de esta Declaraci\u00f3n en colaboraci\u00f3n con otros socios.<\/span><\/p>\n<p><span lang=\"EN-US\">La Declaraci\u00f3n de Astana adoptada en la conferencia define cuatro \u00e1reas clave en las que seguir trabajando:  <\/span><\/p>\n<p><span lang=\"EN-US\">(1) tomar decisiones pol\u00edticas audaces para mejorar la salud de las personas en todos los \u00e1mbitos;  <\/span><\/p>\n<p><span lang=\"EN-US\">(2) crear una atenci\u00f3n primaria sostenible;  <\/span><\/p>\n<p><span lang=\"EN-US\">(3) capacitar a las personas y al p\u00fablico;<\/span><\/p>\n<p><span lang=\"EN-US\">(4) fomentar el apoyo de las partes interesadas a las pol\u00edticas, estrategias y planes nacionales.<\/span><\/p>\n","protected":false},"excerpt":{"rendered":"<p>40 a\u00f1os despu\u00e9s de la Declaraci\u00f3n de Alma-Ata sobre atenci\u00f3n primaria de salud La Declaraci\u00f3n de Astana marca el rumbo para lograr la cobertura sanitaria universal. Pa\u00edses de todo el mundo han firmado la Declaraci\u00f3n de Astana, reafirmando su deseo de reforzar los sistemas de atenci\u00f3n primaria de salud como paso importante hacia la consecuci\u00f3n&#8230;<\/p>\n","protected":false},"author":2003,"featured_media":0,"comment_status":"","ping_status":"closed","template":"","meta":{"_et_pb_use_builder":"","_et_pb_old_content":"","_et_gb_content_width":""},"categories":[],"tags":[2474],"acf":[],"_links":{"self":[{"href":"https:\/\/p4h.world\/es\/wp-json\/wp\/v2\/news\/987655356"}],"collection":[{"href":"https:\/\/p4h.world\/es\/wp-json\/wp\/v2\/news"}],"about":[{"href":"https:\/\/p4h.world\/es\/wp-json\/wp\/v2\/types\/news"}],"author":[{"embeddable":true,"href":"https:\/\/p4h.world\/es\/wp-json\/wp\/v2\/users\/2003"}],"replies":[{"embeddable":true,"href":"https:\/\/p4h.world\/es\/wp-json\/wp\/v2\/comments?post=987655356"}],"version-history":[{"count":0,"href":"https:\/\/p4h.world\/es\/wp-json\/wp\/v2\/news\/987655356\/revisions"}],"wp:attachment":[{"href":"https:\/\/p4h.world\/es\/wp-json\/wp\/v2\/media?parent=987655356"}],"wp:term":[{"taxonomy":"category","embeddable":true,"href":"https:\/\/p4h.world\/es\/wp-json\/wp\/v2\/categories?post=987655356"},{"taxonomy":"post_tag","embeddable":true,"href":"https:\/\/p4h.world\/es\/wp-json\/wp\/v2\/tags?post=987655356"}],"curies":[{"name":"wp","href":"https:\/\/api.w.org\/{rel}","templated":true}]}}