{"id":987655659,"date":"2021-12-08T05:46:07","date_gmt":"2021-12-08T04:46:07","guid":{"rendered":"https:\/\/p4h.world\/news\/las-farmacias-de-moldavia-actuan-como-fuente-fiable-de-informacion-sobre-la-vacunacion-covid-19\/"},"modified":"2021-12-08T05:46:07","modified_gmt":"2021-12-08T04:46:07","slug":"las-farmacias-de-moldavia-actuan-como-fuente-fiable-de-informacion-sobre-la-vacunacion-covid-19","status":"publish","type":"news","link":"https:\/\/p4h.world\/es\/news\/las-farmacias-de-moldavia-actuan-como-fuente-fiable-de-informacion-sobre-la-vacunacion-covid-19\/","title":{"rendered":"Las farmacias de Moldavia act\u00faan como fuente fiable de informaci\u00f3n sobre la vacunaci\u00f3n COVID-19"},"content":{"rendered":"<p>M\u00e1s de 300 farmac\u00e9uticos y 110 farmacias est\u00e1n en el centro de una nueva <strong>campa\u00f1a de sensibilizaci\u00f3n sobre la vacunaci\u00f3n contra el COVID-19<\/strong> en la Rep\u00fablica de Moldavia.<\/p>\n<p>Lanzada el 24 de septiembre de 2021 por el <strong>Ministerio de Sanidad<\/strong> y el <strong>Colegio de Farmac\u00e9uticos<\/strong>, la campa\u00f1a cuenta con el apoyo de <strong>la OMS\/Europa<\/strong> y la <strong>Uni\u00f3n <\/strong> Europea (UE).<\/p>\n<p>Unas 150&nbsp;000 personas visitan cada d\u00eda las farmacias de la Rep\u00fablica de Moldavia, lo que las convierte en los puntos m\u00e9dicos m\u00e1s visitados del pa\u00eds. Los farmac\u00e9uticos, especialmente en las zonas rurales, son<strong> fuentes de informaci\u00f3n m\u00e9dica visibles y de confianza<\/strong> para sus clientes.<\/p>\n<p>La Dra. Zinaida Bezverhni, Secretaria de Estado del Ministerio de Sanidad, declar\u00f3 durante el acto de presentaci\u00f3n: &#8220;La vacunaci\u00f3n contra el COVID-19 protege a las personas de las formas graves de la enfermedad. Al estar en primera l\u00ednea de la comunicaci\u00f3n con los pacientes, los farmac\u00e9uticos pueden proporcionar a la gente informaci\u00f3n cient\u00edficamente probada, ayudando a aumentar la aceptabilidad de la vacuna y a incrementar la tasa de vacunaci\u00f3n entre la poblaci\u00f3n&#8221;.<\/p>\n<p>Se elabor\u00f3 un conjunto de <strong>materiales informativos<\/strong> que inclu\u00eda prospectos, pegatinas para los pacientes y preguntas y respuestas para los farmac\u00e9uticos. Los materiales tambi\u00e9n animan al p\u00fablico a consultar los sitios web oficiales del gobierno sobre el COVID-19 y la vacunaci\u00f3n.<\/p>\n<p>Antes del lanzamiento de la campa\u00f1a de informaci\u00f3n, se organiz\u00f3 para los farmac\u00e9uticos, con el apoyo de la OMS, <strong>una serie de cursos de formaci\u00f3n<\/strong> sobre la infecci\u00f3n por COVID-19, la comunicaci\u00f3n sobre las vacunas, la respuesta a las dudas sobre las vacunas y el desmantelamiento de los mitos relacionados con las vacunas contra COVID-19.&nbsp;M\u00e1s de <strong>300 farmac\u00e9uticos<\/strong> participaron en las sesiones de formaci\u00f3n. Tambi\u00e9n se mostr\u00f3 a los participantes la <strong>aplicaci\u00f3n para tel\u00e9fonos m\u00f3viles LENA<\/strong> de la OMS, para ayudarles a comunicar datos a los pacientes. La aplicaci\u00f3n LENA fue desarrollada por la OMS\/Europa y la oficina de la OMS en Ruman\u00eda <strong>para facilitar la comunicaci\u00f3n sobre<\/strong> la vacunaci\u00f3n <strong>con COVID-19<\/strong> e identificar y responder a las preocupaciones.<\/p>\n<p>El Dr. Alexei Ceban, epidemi\u00f3logo y coordinador del programa de inmunizaci\u00f3n de la Oficina de la OMS en la Rep\u00fablica de Moldova, se\u00f1al\u00f3 que &#8220;los pacientes suelen acudir a los farmac\u00e9uticos cuando necesitan informaci\u00f3n \u00fatil o recomendaciones. Por estas razones, <strong>los farmac\u00e9uticos tienen un papel clave<\/strong> que desempe\u00f1ar para establecer un di\u00e1logo constructivo y capacitar a la poblaci\u00f3n en materia de inmunizaci\u00f3n&#8221;.<\/p>\n<p>La UE y la OMS\/Europa colaboran para apoyar el despliegue de las vacunas COVID-19 y la vacunaci\u00f3n en los <strong>6 pa\u00edses de la Asociaci\u00f3n Oriental de la UE<\/strong>: Armenia, Azerbaiy\u00e1n, Bielorrusia, Georgia, la Rep\u00fablica de Moldavia y Ucrania. El proyecto, <strong>financiado por la UE <\/strong>y ejecutado por la OMS\/Europa, constituye una importante inversi\u00f3n para reforzar los sistemas de inmunizaci\u00f3n sistem\u00e1tica en los 6 pa\u00edses.<\/p>\n<p>Fuente:&nbsp;https:\/\/www.euro.who.int\/ru\/countries\/republic-of-moldova\/news\/news\/2021\/10\/moldovan-pharmacies-contribute-to-pandemic-response-as-a-reliable-source-of-information-on-covid-19-vaccination&nbsp;<\/p>\n<p>Foto: Un farmac\u00e9utico de la Rep\u00fablica de Moldova que participa en la campa\u00f1a de sensibilizaci\u00f3n sobre la vacuna COVID-19,&nbsp;OMS<\/p>\n","protected":false},"excerpt":{"rendered":"<p>M\u00e1s de 300 farmac\u00e9uticos y 110 farmacias est\u00e1n en el centro de una nueva campa\u00f1a de sensibilizaci\u00f3n sobre la vacunaci\u00f3n contra el COVID-19 en la Rep\u00fablica de Moldavia. Lanzada el 24 de septiembre de 2021 por el Ministerio de Sanidad y el Colegio de Farmac\u00e9uticos, la campa\u00f1a cuenta con el apoyo de la OMS\/Europa y&#8230;<\/p>\n","protected":false},"author":137,"featured_media":0,"comment_status":"","ping_status":"closed","template":"","meta":{"_et_pb_use_builder":"","_et_pb_old_content":"","_et_gb_content_width":""},"categories":[],"tags":[2434],"acf":[],"_links":{"self":[{"href":"https:\/\/p4h.world\/es\/wp-json\/wp\/v2\/news\/987655659"}],"collection":[{"href":"https:\/\/p4h.world\/es\/wp-json\/wp\/v2\/news"}],"about":[{"href":"https:\/\/p4h.world\/es\/wp-json\/wp\/v2\/types\/news"}],"author":[{"embeddable":true,"href":"https:\/\/p4h.world\/es\/wp-json\/wp\/v2\/users\/137"}],"replies":[{"embeddable":true,"href":"https:\/\/p4h.world\/es\/wp-json\/wp\/v2\/comments?post=987655659"}],"version-history":[{"count":0,"href":"https:\/\/p4h.world\/es\/wp-json\/wp\/v2\/news\/987655659\/revisions"}],"wp:attachment":[{"href":"https:\/\/p4h.world\/es\/wp-json\/wp\/v2\/media?parent=987655659"}],"wp:term":[{"taxonomy":"category","embeddable":true,"href":"https:\/\/p4h.world\/es\/wp-json\/wp\/v2\/categories?post=987655659"},{"taxonomy":"post_tag","embeddable":true,"href":"https:\/\/p4h.world\/es\/wp-json\/wp\/v2\/tags?post=987655659"}],"curies":[{"name":"wp","href":"https:\/\/api.w.org\/{rel}","templated":true}]}}