{"id":987655689,"date":"2021-12-08T05:46:07","date_gmt":"2021-12-08T04:46:07","guid":{"rendered":"https:\/\/p4h.world\/news\/azerbaiyan-trabaja-en-el-desarrollo-de-una-vacuna-nacional-contra-el-covid-19\/"},"modified":"2021-12-08T05:46:07","modified_gmt":"2021-12-08T04:46:07","slug":"azerbaiyan-trabaja-en-el-desarrollo-de-una-vacuna-nacional-contra-el-covid-19","status":"publish","type":"news","link":"https:\/\/p4h.world\/es\/news\/azerbaiyan-trabaja-en-el-desarrollo-de-una-vacuna-nacional-contra-el-covid-19\/","title":{"rendered":"Azerbaiy\u00e1n trabaja en el desarrollo de una vacuna nacional contra el COVID-19"},"content":{"rendered":"<p>En Azerbaiy\u00e1n ha comenzado la investigaci\u00f3n para la creaci\u00f3n de una vacuna nacional contra el coronavirus, informan los medios de comunicaci\u00f3n regionales con referencia a Ramin Bayramli, Presidente de la Junta de la Asociaci\u00f3n para la Gesti\u00f3n de las Subdivisiones Territoriales M\u00e9dicas (T\u018fBIB) &#8211; rama del gobierno que gestiona todas las organizaciones de salud p\u00fablica.<\/p>\n<p>&#8220;Despu\u00e9s de muchos a\u00f1os de preparaci\u00f3n, finalmente se iniciaron por primera vez los estudios de la estructura celular con el objetivo de crear una vacuna, diagn\u00f3stico y terapia qu\u00edmica, desarrollar nuevos m\u00e9todos de lucha contra las enfermedades infecciosas, incluyendo COVID-19&#8221;, escribi\u00f3 el jefe de la agencia T\u018fB\u0130B.<\/p>\n<p>Fuente e imagen de: Sputnik news,&nbsp;<a href=\"https:\/\/az.sputniknews.ru\/20210821\/V-Azerbaydzhane-rabotayut-nad-sozdaniem-otechestvennoy-vaktsiny-protiv-COVID-19-427748107.html\" target=\"_blank\" rel=\"noopener\">https:\/\/az.sputniknews.ru\/20210821\/V-Azerbaydzhane-rabotayut-nad-sozdaniem-otechestvennoy-vaktsiny-protiv-COVID-19-427748107.html&nbsp;<\/a><\/p>\n","protected":false},"excerpt":{"rendered":"<p>En Azerbaiy\u00e1n ha comenzado la investigaci\u00f3n para la creaci\u00f3n de una vacuna nacional contra el coronavirus, informan los medios de comunicaci\u00f3n regionales con referencia a Ramin Bayramli, Presidente de la Junta de la Asociaci\u00f3n para la Gesti\u00f3n de las Subdivisiones Territoriales M\u00e9dicas (T\u018fBIB) &#8211; rama del gobierno que gestiona todas las organizaciones de salud p\u00fablica&#8230;.<\/p>\n","protected":false},"author":137,"featured_media":0,"comment_status":"","ping_status":"closed","template":"","meta":{"_et_pb_use_builder":"","_et_pb_old_content":"","_et_gb_content_width":""},"categories":[],"tags":[2434],"acf":[],"_links":{"self":[{"href":"https:\/\/p4h.world\/es\/wp-json\/wp\/v2\/news\/987655689"}],"collection":[{"href":"https:\/\/p4h.world\/es\/wp-json\/wp\/v2\/news"}],"about":[{"href":"https:\/\/p4h.world\/es\/wp-json\/wp\/v2\/types\/news"}],"author":[{"embeddable":true,"href":"https:\/\/p4h.world\/es\/wp-json\/wp\/v2\/users\/137"}],"replies":[{"embeddable":true,"href":"https:\/\/p4h.world\/es\/wp-json\/wp\/v2\/comments?post=987655689"}],"version-history":[{"count":0,"href":"https:\/\/p4h.world\/es\/wp-json\/wp\/v2\/news\/987655689\/revisions"}],"wp:attachment":[{"href":"https:\/\/p4h.world\/es\/wp-json\/wp\/v2\/media?parent=987655689"}],"wp:term":[{"taxonomy":"category","embeddable":true,"href":"https:\/\/p4h.world\/es\/wp-json\/wp\/v2\/categories?post=987655689"},{"taxonomy":"post_tag","embeddable":true,"href":"https:\/\/p4h.world\/es\/wp-json\/wp\/v2\/tags?post=987655689"}],"curies":[{"name":"wp","href":"https:\/\/api.w.org\/{rel}","templated":true}]}}