{"id":987656243,"date":"2019-08-02T07:28:23","date_gmt":"2019-08-02T06:28:23","guid":{"rendered":"https:\/\/p4h.world\/news\/foro-internacional-sobre-la-financiacion-de-la-csu-en-burkina-faso\/"},"modified":"2019-08-02T07:28:23","modified_gmt":"2019-08-02T06:28:23","slug":"foro-internacional-sobre-la-financiacion-de-la-csu-en-burkina-faso","status":"publish","type":"news","link":"https:\/\/p4h.world\/es\/news\/foro-internacional-sobre-la-financiacion-de-la-csu-en-burkina-faso\/","title":{"rendered":"Foro internacional sobre la financiaci\u00f3n de la CSU en Burkina Faso"},"content":{"rendered":"<p><span><span><span>El foro internacional&nbsp;sobre la financiaci\u00f3n de las CSU, previsto para los d\u00edas 13 y 14 de diciembre de 2019 en Uagadug\u00fa, ha sido aplazado a los d\u00edas 27 y 28 de marzo de 2020.<\/span><\/span><\/span><\/p>\n<p>El objetivo de este foro es implicar a los responsables pol\u00edticos (Presidencia de la Rep\u00fablica, Asamblea Nacional, Ministerio de Econom\u00eda, Hacienda y Desarrollo y Ministerio de Sanidad), a los socios t\u00e9cnicos y financieros (PTF) y al sector privado en&nbsp; movilizar fondos internos y externos para&nbsp;  la financiaci\u00f3n sostenible de la cobertura sanitaria universal (CSU), con especial atenci\u00f3n al SRMNEA-N, cuyo expediente de inversi\u00f3n actualizado deber\u00e1 tener en cuenta los gastos de mejora de la salud comunitaria, as\u00ed como las necesidades de financiaci\u00f3n del plan de resiliencia y el refuerzo del seguro universal de enfermedad (SUD).<br \/>\n&nbsp;<\/p>\n<p><b>Hora del Evento : <\/b>27 Mar 2020 8:00 am to 28 Mar 2020 3:00 pm<br \/><b>Zona horaria:  <\/b><br \/>El <b>evento es una conferencia : <\/b>No<\/p>\n","protected":false},"excerpt":{"rendered":"<p>El foro internacional&nbsp;sobre la financiaci\u00f3n de las CSU, previsto para los d\u00edas 13 y 14 de diciembre de 2019 en Uagadug\u00fa, ha sido aplazado a los d\u00edas 27 y 28 de marzo de 2020. El objetivo de este foro es implicar a los responsables pol\u00edticos (Presidencia de la Rep\u00fablica, Asamblea Nacional, Ministerio de Econom\u00eda, Hacienda&#8230;<\/p>\n","protected":false},"author":333,"featured_media":0,"comment_status":"closed","ping_status":"closed","template":"","meta":{"_et_pb_use_builder":"","_et_pb_old_content":"","_et_gb_content_width":""},"categories":[],"tags":[2482],"acf":[],"_links":{"self":[{"href":"https:\/\/p4h.world\/es\/wp-json\/wp\/v2\/news\/987656243"}],"collection":[{"href":"https:\/\/p4h.world\/es\/wp-json\/wp\/v2\/news"}],"about":[{"href":"https:\/\/p4h.world\/es\/wp-json\/wp\/v2\/types\/news"}],"author":[{"embeddable":true,"href":"https:\/\/p4h.world\/es\/wp-json\/wp\/v2\/users\/333"}],"replies":[{"embeddable":true,"href":"https:\/\/p4h.world\/es\/wp-json\/wp\/v2\/comments?post=987656243"}],"version-history":[{"count":0,"href":"https:\/\/p4h.world\/es\/wp-json\/wp\/v2\/news\/987656243\/revisions"}],"wp:attachment":[{"href":"https:\/\/p4h.world\/es\/wp-json\/wp\/v2\/media?parent=987656243"}],"wp:term":[{"taxonomy":"category","embeddable":true,"href":"https:\/\/p4h.world\/es\/wp-json\/wp\/v2\/categories?post=987656243"},{"taxonomy":"post_tag","embeddable":true,"href":"https:\/\/p4h.world\/es\/wp-json\/wp\/v2\/tags?post=987656243"}],"curies":[{"name":"wp","href":"https:\/\/api.w.org\/{rel}","templated":true}]}}