{"id":987656769,"date":"2022-09-14T03:52:40","date_gmt":"2022-09-14T02:52:40","guid":{"rendered":"https:\/\/p4h.world\/news\/costa-de-marfil-cobertura-sanitaria-universal-pronto-se-ampliaran-los-servicios-a-los-centros-sanitarios-privados\/"},"modified":"2022-09-14T03:52:40","modified_gmt":"2022-09-14T02:52:40","slug":"costa-de-marfil-cobertura-sanitaria-universal-pronto-se-ampliaran-los-servicios-a-los-centros-sanitarios-privados","status":"publish","type":"news","link":"https:\/\/p4h.world\/es\/news\/costa-de-marfil-cobertura-sanitaria-universal-pronto-se-ampliaran-los-servicios-a-los-centros-sanitarios-privados\/","title":{"rendered":"Costa de Marfil-Cobertura sanitaria universal: pronto se ampliar\u00e1n los servicios a los centros sanitarios privados"},"content":{"rendered":"<p>Las personas cubiertas por el r\u00e9gimen de Cobertura Sanitaria Universal (CMU) pronto podr\u00e1n recibir tratamiento en establecimientos sanitarios privados. La informaci\u00f3n fue facilitada por el Director de Prestaciones de la Caisse Nationale d&#8217;Assurance Maladie (CNAM), Dr. Christian Brou, el&nbsp;&nbsp;Martes 13 de septiembre de 2022, durante un taller de informaci\u00f3n e intercambio con profesionales de los medios de comunicaci\u00f3n sobre la aplicaci\u00f3n de la CMU, en la sede del CNAM en Abiy\u00e1n-Plateau.<\/p>\n<blockquote>\n<p>Los servicios se trasladar\u00e1n pr\u00f3ximamente al sector privado con la implantaci\u00f3n de una herramienta inform\u00e1tica que permitir\u00e1 repartir el coste del servicio prestado en el establecimiento privado entre la CMU, el seguro complementario y el asegurado.<\/p>\n<\/blockquote>\n<p><a href=\"https:\/\/www.pressecotedivoire.ci\/article\/14542-couverture-maladie-universelle-cmu-bientot-les-prestations-setendront-aux-centres-de-sante-prives-cnam\">M\u00e1s informaci\u00f3n.<\/a><\/p>\n","protected":false},"excerpt":{"rendered":"<p>Las personas cubiertas por el r\u00e9gimen de Cobertura Sanitaria Universal (CMU) pronto podr\u00e1n recibir tratamiento en establecimientos sanitarios privados. La informaci\u00f3n fue facilitada por el Director de Prestaciones de la Caisse Nationale d&#8217;Assurance Maladie (CNAM), Dr. Christian Brou, el&nbsp;&nbsp;Martes 13 de septiembre de 2022, durante un taller de informaci\u00f3n e intercambio con profesionales de los&#8230;<\/p>\n","protected":false},"author":1633,"featured_media":987526624,"comment_status":"closed","ping_status":"closed","template":"","meta":{"_et_pb_use_builder":"","_et_pb_old_content":"","_et_gb_content_width":""},"categories":[],"tags":[2362],"acf":[],"_links":{"self":[{"href":"https:\/\/p4h.world\/es\/wp-json\/wp\/v2\/news\/987656769"}],"collection":[{"href":"https:\/\/p4h.world\/es\/wp-json\/wp\/v2\/news"}],"about":[{"href":"https:\/\/p4h.world\/es\/wp-json\/wp\/v2\/types\/news"}],"author":[{"embeddable":true,"href":"https:\/\/p4h.world\/es\/wp-json\/wp\/v2\/users\/1633"}],"replies":[{"embeddable":true,"href":"https:\/\/p4h.world\/es\/wp-json\/wp\/v2\/comments?post=987656769"}],"version-history":[{"count":0,"href":"https:\/\/p4h.world\/es\/wp-json\/wp\/v2\/news\/987656769\/revisions"}],"wp:featuredmedia":[{"embeddable":true,"href":"https:\/\/p4h.world\/es\/wp-json\/wp\/v2\/media\/987526624"}],"wp:attachment":[{"href":"https:\/\/p4h.world\/es\/wp-json\/wp\/v2\/media?parent=987656769"}],"wp:term":[{"taxonomy":"category","embeddable":true,"href":"https:\/\/p4h.world\/es\/wp-json\/wp\/v2\/categories?post=987656769"},{"taxonomy":"post_tag","embeddable":true,"href":"https:\/\/p4h.world\/es\/wp-json\/wp\/v2\/tags?post=987656769"}],"curies":[{"name":"wp","href":"https:\/\/api.w.org\/{rel}","templated":true}]}}