{"id":987668280,"date":"2023-11-23T12:34:38","date_gmt":"2023-11-23T11:34:38","guid":{"rendered":"https:\/\/p4h.world\/?post_type=news&#038;p=987668280"},"modified":"2023-11-23T14:54:40","modified_gmt":"2023-11-23T13:54:40","slug":"modulo-l4uhc-para-el-africa-francofona","status":"publish","type":"news","link":"https:\/\/p4h.world\/es\/news\/modulo-l4uhc-para-el-africa-francofona\/","title":{"rendered":"M\u00f3dulo L4UHC para el \u00c1frica franc\u00f3fona"},"content":{"rendered":"<p>[et_pb_section fb_built=&#8221;1&#8243; admin_label=&#8221;!! PLEASE DO NOT EDIT !!!&#8221; _builder_version=&#8221;4.19.5&#8243; _module_preset=&#8221;default&#8221; global_colors_info=&#8221;{}&#8221;][et_pb_row use_custom_gutter=&#8221;on&#8221; gutter_width=&#8221;1&#8243; admin_label=&#8221;\u00a1\u00a1\u00a1!!! \u00a1\u00a1\u00a1POR FAVOR NO EDITAR !!!&#8221; _builder_version=&#8221;4.20.4&#8243; _module_preset=&#8221;default&#8221; global_colors_info=&#8221;{}&#8221;][et_pb_column type=&#8221;4_4&#8243; _builder_version=&#8221;4.19.5&#8243; _module_preset=&#8221;default&#8221; global_colors_info=&#8221;{}&#8221;][et_pb_text admin_label=&#8221;TEXT &#8211; BLOCK 1 &#8221; _builder_version=&#8221;4.21.0&#8243; _module_preset=&#8221;default&#8221; global_colors_info=&#8221;{}&#8221;]<\/p>\n<p class=\"p1\">Una reuni\u00f3n regional del <a href=\"https:\/\/l4uhc.world\/\"><br \/>\n  <span class=\"s1\">programa L4UHC<\/span><br \/>\n<\/a> es siempre una gran experiencia. La que tuvo lugar en Rabat (Marruecos) del 16 al 20 de octubre de 2023 cumpli\u00f3 todas las expectativas.<\/p>\n<p>[\/et_pb_text][et_pb_text admin_label=&#8221;TEXT &#8211; BLOCK 2 &#8221; _builder_version=&#8221;4.21.0&#8243; _module_preset=&#8221;default&#8221; custom_padding=&#8221;||1em||false|false&#8221; global_colors_info=&#8221;{}&#8221;]<\/p>\n<p class=\"p1\">Las coaliciones de Chad y Camer\u00fan se reunieron de nuevo para encontrarse y compartir, reconectar con sus capacidades de liderazgo, cocrear como equipos nacionales e innovar para hacer frente a los retos adaptativos de la CSU. Estas dos coaliciones se reunieron por primera vez en FILL IN PLACE en FILL IN DATE. Se reunieron 10 representantes de alto nivel de Chad y 11 de Camer\u00fan, procedentes de diversos departamentos y organizaciones. Les acompa\u00f1aron los P4H-CFP de sus pa\u00edses: <a href=\"https:\/\/p4h.world\/en\/user\/saibou-seynou\/\"><br \/>\n  <span class=\"s1\">Saibou Seynou<\/span><br \/>\n<\/a> (Chad) y <a href=\"https:\/\/p4h.world\/en\/user\/aminata-nana-tou\/\"><br \/>\n  <span class=\"s1\">Aminata Nana Tou<\/span><br \/>\n<\/a> (Camer\u00fan). Entre los facilitadores hab\u00eda una rica mezcla de profesionales del liderazgo, coaches y expertos en UHC que trabajaron en equipo para compartir lo mejor que el programa puede ofrecer. Entre ellos, <a href=\"https:\/\/fr.wikipedia.org\/wiki\/Claude_%25C3%2589vin\"><br \/>\n  <span class=\"s1\">Claude Evin<\/span><br \/>\n<\/a>ex ministro de Sanidad y diputado franc\u00e9s, combin\u00f3 eficazmente su gran experiencia con su humildad y amabilidad naturales.<span class=\"Apple-converted-space\"> <\/span><\/p>\n<p>[\/et_pb_text][et_pb_text admin_label=&#8221;TEXT &#8211; BLOCK 3&#8243; _builder_version=&#8221;4.21.0&#8243; _module_preset=&#8221;default&#8221; custom_padding=&#8221;||1em||false|false&#8221; global_colors_info=&#8221;{}&#8221;]<\/p>\n<p class=\"p1\">Los participantes apreciaron las ense\u00f1anzas pr\u00e1cticas de este m\u00f3dulo sobre habilidades de liderazgo, que apoyaron firmemente la confianza entre los miembros de los equipos, permitiendo debates m\u00e1s transparentes y profundos sobre c\u00f3mo abordar los retos de la CSU en sus pa\u00edses. El m\u00f3dulo tambi\u00e9n se centr\u00f3 en las iniciativas de acci\u00f3n colectiva de las coaliciones para mostrar c\u00f3mo los equipos marcan la diferencia en el pa\u00eds.<\/p>\n<p>[\/et_pb_text][et_pb_text admin_label=&#8221;TEXT &#8211; BLOCK 4 &#8221; _builder_version=&#8221;4.21.0&#8243; _module_preset=&#8221;default&#8221; custom_padding=&#8221;||1em||false|false&#8221; global_colors_info=&#8221;{}&#8221;]<\/p>\n<p class=\"p1\">Los participantes tambi\u00e9n prestaron gran atenci\u00f3n a los resultados, que siempre se retaron a s\u00ed mismos a identificar con la pregunta &#8220;\u00bfQu\u00e9 cambia para la gente, y especialmente para los m\u00e1s necesitados?&#8221;.<\/p>\n<p>[\/et_pb_text][et_pb_text admin_label=&#8221;TEXT &#8211; BLOCK 5&#8243; _builder_version=&#8221;4.21.0&#8243; _module_preset=&#8221;default&#8221; custom_padding=&#8221;||1em||false|false&#8221; global_colors_info=&#8221;{}&#8221;]<\/p>\n<p class=\"p1\">Afrontar los retos y complejidades de la cobertura sanitaria universal requiere una enorme energ\u00eda individual. Para dirigir mejor esa energ\u00eda, el programa L4UHC pretende alinear a los l\u00edderes como grupo con una direcci\u00f3n compartida para abordar los retos de los sistemas de HF. En el Chad, aunque el contexto parece abrumadoramente dif\u00edcil, existe una coalici\u00f3n que esperemos encuentre la forma de demostrar la viabilidad de un tercer pagador s\u00f3lido y los beneficios de dedicar recursos p\u00fablicos a los m\u00e1s necesitados. En Camer\u00fan, ya se ha avanzado mucho en la movilizaci\u00f3n de recursos nacionales, como se informa en el pr\u00f3ximo examen anual 2022-2023 y su anexo (ya se ha distribuido un borrador). La concertaci\u00f3n entre todos los participantes en un m\u00f3dulo de L4UHC -l\u00edderes, facilitadores y P4H-CFP que los apoyan- convierte al programa L4UHC en un lodestar que puede impulsar las reformas de SHP y HF.<\/p>\n<p>[\/et_pb_text][\/et_pb_column][\/et_pb_row][\/et_pb_section]<\/p>\n","protected":false},"excerpt":{"rendered":"<p>Una reuni\u00f3n regional del programa L4UHC es siempre una gran experiencia. La que tuvo lugar en Rabat (Marruecos) del 16 al 20 de octubre de 2023 cumpli\u00f3 todas las expectativas.Las coaliciones de Chad y Camer\u00fan se reunieron de nuevo para encontrarse y compartir, reconectar con sus capacidades de liderazgo, cocrear como equipos nacionales e innovar&#8230;<\/p>\n","protected":false},"author":51,"featured_media":987668222,"comment_status":"closed","ping_status":"closed","template":"","meta":{"_et_pb_use_builder":"on","_et_pb_old_content":"","_et_gb_content_width":""},"categories":[2973,2400],"tags":[2385],"acf":[],"_links":{"self":[{"href":"https:\/\/p4h.world\/es\/wp-json\/wp\/v2\/news\/987668280"}],"collection":[{"href":"https:\/\/p4h.world\/es\/wp-json\/wp\/v2\/news"}],"about":[{"href":"https:\/\/p4h.world\/es\/wp-json\/wp\/v2\/types\/news"}],"author":[{"embeddable":true,"href":"https:\/\/p4h.world\/es\/wp-json\/wp\/v2\/users\/51"}],"replies":[{"embeddable":true,"href":"https:\/\/p4h.world\/es\/wp-json\/wp\/v2\/comments?post=987668280"}],"version-history":[{"count":6,"href":"https:\/\/p4h.world\/es\/wp-json\/wp\/v2\/news\/987668280\/revisions"}],"predecessor-version":[{"id":987668432,"href":"https:\/\/p4h.world\/es\/wp-json\/wp\/v2\/news\/987668280\/revisions\/987668432"}],"wp:featuredmedia":[{"embeddable":true,"href":"https:\/\/p4h.world\/es\/wp-json\/wp\/v2\/media\/987668222"}],"wp:attachment":[{"href":"https:\/\/p4h.world\/es\/wp-json\/wp\/v2\/media?parent=987668280"}],"wp:term":[{"taxonomy":"category","embeddable":true,"href":"https:\/\/p4h.world\/es\/wp-json\/wp\/v2\/categories?post=987668280"},{"taxonomy":"post_tag","embeddable":true,"href":"https:\/\/p4h.world\/es\/wp-json\/wp\/v2\/tags?post=987668280"}],"curies":[{"name":"wp","href":"https:\/\/api.w.org\/{rel}","templated":true}]}}