{"id":987670700,"date":"2023-12-21T11:18:39","date_gmt":"2023-12-21T10:18:39","guid":{"rendered":"https:\/\/p4h.world\/?post_type=news&#038;p=987670700"},"modified":"2024-01-31T08:05:20","modified_gmt":"2024-01-31T07:05:20","slug":"reunion-de-p4h-cd-con-la-afd-y-expertise-france","status":"publish","type":"news","link":"https:\/\/p4h.world\/es\/news\/reunion-de-p4h-cd-con-la-afd-y-expertise-france\/","title":{"rendered":"Reuni\u00f3n de P4H-CD con la AFD y Expertise France"},"content":{"rendered":"<p>[et_pb_section fb_built=&#8221;1&#8243; admin_label=&#8221;!! PLEASE DO NOT EDIT !!!&#8221; _builder_version=&#8221;4.19.5&#8243; _module_preset=&#8221;default&#8221; global_colors_info=&#8221;{}&#8221;][et_pb_row use_custom_gutter=&#8221;on&#8221; gutter_width=&#8221;1&#8243; admin_label=&#8221;\u00a1\u00a1\u00a1!!! \u00a1\u00a1\u00a1POR FAVOR NO EDITAR !!!&#8221; _builder_version=&#8221;4.20.4&#8243; _module_preset=&#8221;default&#8221; global_colors_info=&#8221;{}&#8221;][et_pb_column type=&#8221;4_4&#8243; _builder_version=&#8221;4.19.5&#8243; _module_preset=&#8221;default&#8221; global_colors_info=&#8221;{}&#8221;][et_pb_text admin_label=&#8221;SUMMARY &#8221; _builder_version=&#8221;4.21.0&#8243; _module_preset=&#8221;default&#8221; custom_padding=&#8221;10px||20px||false|false&#8221; hover_enabled=&#8221;0&#8243; global_colors_info=&#8221;{}&#8221; sticky_enabled=&#8221;0&#8243;]<\/p>\n<p class=\"p1\"><strong>Tras la reuni\u00f3n del GT P4H, Expertise France recibi\u00f3 a la <i>Agence fran\u00e7aise de d\u00e9veloppement<\/i> (AFD) y al CD P4H en sus locales del 40, boulevard de Port-Royal 75005 Par\u00eds. Los objetivos de la reuni\u00f3n eran conocerse en persona y debatir sobre los retos y oportunidades del despliegue de P4H-CFP.<\/strong><\/p>\n<p class=\"p1\">[\/et_pb_text][et_pb_text admin_label=&#8221;TEXT &#8211; BLOCK 1 &#8221; _builder_version=&#8221;4.21.0&#8243; _module_preset=&#8221;default&#8221; hover_enabled=&#8221;0&#8243; global_colors_info=&#8221;{}&#8221; sticky_enabled=&#8221;0&#8243;]<\/p>\n<p class=\"p1\">&#8220;Colegas del departamento de capital humano y desarrollo social de Expertise France, Elodie Montetagaud, jefa de la unidad de protecci\u00f3n social y trabajo decente, y Clara Leymonie, coordinadora de protecci\u00f3n social, y Matthieu Favre, gestor de la cartera de Sahel en el departamento de salud de L&#8217;Initiative, fueron los anfitriones de la reuni\u00f3n. Por parte de la AFD, participaron Agn\u00e8s Soucat, jefa de la divisi\u00f3n de salud y protecci\u00f3n social, y Pascale Le Roy, jefa de equipo de la divisi\u00f3n de salud y protecci\u00f3n social y copresidenta del Grupo de Intercambio T\u00e9cnico P4H (P4H-TEG). Claude Meyer y Alexis Bigeard asistieron en nombre del P4H-CD&#8221;.<\/p>\n<p class=\"p1\">[\/et_pb_text][et_pb_text admin_label=&#8221;TEXT &#8211; BLOCK 2 &#8221; _builder_version=&#8221;4.21.0&#8243; _module_preset=&#8221;default&#8221; custom_padding=&#8221;||1em||false|false&#8221; global_colors_info=&#8221;{}&#8221;]<\/p>\n<p class=\"p1\">Peritaje La contrataci\u00f3n de P4H-CFP por parte de Francia incluye diferentes fuentes de fondos y mecanismos. El primero fue Virgile Pace, desplegado en Madagascar desde septiembre de 2019 hasta septiembre de 2021. Este puesto fue financiado por el MEFA franc\u00e9s; Bouchaib Mourjane fue un P4H-CFP en N\u00edger desde septiembre de 2019 hasta julio de 2021. El puesto fue financiado por L&#8217;Initiative a trav\u00e9s de una subvenci\u00f3n de la AFD. Jean-Fran\u00e7ois Caremel, que trabaja como P4H-CFP en N\u00edger desde agosto de 2021 y a distancia desde agosto de 2023, ha sido contratado por la divisi\u00f3n de salud de Expertise France desde enero de 2023.<\/p>\n<p>[\/et_pb_text][et_pb_text admin_label=&#8221;TEXT &#8211; BLOCK 3&#8243; _builder_version=&#8221;4.21.0&#8243; _module_preset=&#8221;default&#8221; custom_padding=&#8221;||1em||false|false&#8221; global_colors_info=&#8221;{}&#8221;]<\/p>\n<p class=\"p1\">En general, estos ejemplos han sido muy \u00fatiles para los pa\u00edses. No obstante, han surgido algunas cuestiones en relaci\u00f3n con el mandato de la P4H-CFP y las l\u00edneas de responsabilidad de la P4H-CFP. De hecho, la especificidad de estas posiciones de la Red P4H no da respuestas directas a preguntas como \u00e9stas: \u00bfhasta qu\u00e9 punto los mandatos de los P4H-CFP son o deben ser est\u00e1ndar o espec\u00edficos? \u00bfC\u00f3mo mitigar la confusi\u00f3n que pueden experimentar los asesores y\/o sus directivos, procedentes de m\u00faltiples l\u00edneas de responsabilidad? Compartir las distintas experiencias y la comunicaci\u00f3n entre las partes interesadas son, sin duda, las mejores formas de desglosar estas cuestiones y mejorar la pr\u00e1ctica.<\/p>\n<p class=\"p1\">Pasando a nuevas operaciones y montajes pr\u00e1cticos, los participantes investigaron las oportunidades que tienen la AFD y Expertise France de aportar a\u00fan m\u00e1s soluciones cuando se confirmen las necesidades y oportunidades de despliegue de los P4H-CFP. Se est\u00e1n estudiando varias opciones para los pr\u00f3ximos meses.<\/p>\n<p>[\/et_pb_text][et_pb_text quote_border_color=&#8221;#EA3A32&#8243; admin_label=&#8221;OPTIONAL ELEMENT 1:  NOW YOU CAN EITHER ADD HERE A PULL QUOTE (250-300 ch.)&#8221; _builder_version=&#8221;4.20.2&#8243; _module_preset=&#8221;default&#8221; quote_font=&#8221;Oswald|||on|||||&#8221; quote_text_color=&#8221;#5EAABC&#8221; quote_font_size=&#8221;26px&#8221; quote_line_height=&#8221;1.3em&#8221; global_colors_info=&#8221;{}&#8221;][\/et_pb_text][\/et_pb_column][\/et_pb_row][\/et_pb_section]<\/p>\n","protected":false},"excerpt":{"rendered":"<p>Tras la reuni\u00f3n del GT P4H, Expertise France recibi\u00f3 a la Agence fran\u00e7aise de d\u00e9veloppement (AFD) y al CD P4H en sus locales del 40, boulevard de Port-Royal 75005 Par\u00eds. Los objetivos de la reuni\u00f3n eran conocerse en persona y debatir sobre los retos y oportunidades del despliegue de P4H-CFP. &#8220;Colegas del departamento de capital&#8230;<\/p>\n","protected":false},"author":51,"featured_media":987670624,"comment_status":"closed","ping_status":"closed","template":"","meta":{"_et_pb_use_builder":"on","_et_pb_old_content":"","_et_gb_content_width":""},"categories":[2430,2422],"tags":[2385],"acf":[],"_links":{"self":[{"href":"https:\/\/p4h.world\/es\/wp-json\/wp\/v2\/news\/987670700"}],"collection":[{"href":"https:\/\/p4h.world\/es\/wp-json\/wp\/v2\/news"}],"about":[{"href":"https:\/\/p4h.world\/es\/wp-json\/wp\/v2\/types\/news"}],"author":[{"embeddable":true,"href":"https:\/\/p4h.world\/es\/wp-json\/wp\/v2\/users\/51"}],"replies":[{"embeddable":true,"href":"https:\/\/p4h.world\/es\/wp-json\/wp\/v2\/comments?post=987670700"}],"version-history":[{"count":8,"href":"https:\/\/p4h.world\/es\/wp-json\/wp\/v2\/news\/987670700\/revisions"}],"predecessor-version":[{"id":987670722,"href":"https:\/\/p4h.world\/es\/wp-json\/wp\/v2\/news\/987670700\/revisions\/987670722"}],"wp:featuredmedia":[{"embeddable":true,"href":"https:\/\/p4h.world\/es\/wp-json\/wp\/v2\/media\/987670624"}],"wp:attachment":[{"href":"https:\/\/p4h.world\/es\/wp-json\/wp\/v2\/media?parent=987670700"}],"wp:term":[{"taxonomy":"category","embeddable":true,"href":"https:\/\/p4h.world\/es\/wp-json\/wp\/v2\/categories?post=987670700"},{"taxonomy":"post_tag","embeddable":true,"href":"https:\/\/p4h.world\/es\/wp-json\/wp\/v2\/tags?post=987670700"}],"curies":[{"name":"wp","href":"https:\/\/api.w.org\/{rel}","templated":true}]}}