{"id":987692564,"date":"2024-04-15T11:54:50","date_gmt":"2024-04-15T10:54:50","guid":{"rendered":"https:\/\/p4h.world\/?post_type=news&#038;p=987692564"},"modified":"2024-05-15T12:52:08","modified_gmt":"2024-05-15T11:52:08","slug":"el-numero-de-abril-del-boletin-socialprotection-org-destaca-la-integracion-de-las-politicas-de-salud-y-proteccion-social","status":"publish","type":"news","link":"https:\/\/p4h.world\/es\/news\/el-numero-de-abril-del-boletin-socialprotection-org-destaca-la-integracion-de-las-politicas-de-salud-y-proteccion-social\/","title":{"rendered":"El n\u00famero de abril del bolet\u00edn socialprotection.org destaca La integraci\u00f3n de las pol\u00edticas de salud y protecci\u00f3n social"},"content":{"rendered":"<p>[et_pb_section fb_built=&#8221;1&#8243; admin_label=&#8221;\u00a1\u00a1\u00a1!!! \u00a1\u00a1\u00a1POR FAVOR NO EDITAR !!! &#8221; _builder_version=&#8221;4.19.5&#8243; _module_preset=&#8221;default&#8221; global_colors_info=&#8221;{}&#8221;][et_pb_row admin_label=&#8221;!!! PLEASE DO NOT EDIT !!!&#8221; _builder_version=&#8221;4.19.5&#8243; _module_preset=&#8221;default&#8221; global_colors_info=&#8221;{}&#8221;][et_pb_column type=&#8221;4_4&#8243; _builder_version=&#8221;4.19.5&#8243; _module_preset=&#8221;default&#8221; global_colors_info=&#8221;{}&#8221;][et_pb_text admin_label=&#8221;TO BE EDITED &#8211; SUMMARY &#8211; Click on the WHEEL icon to open the textarea where you can paste or type your summary. The summary condenses the main points for the news that starts below. The summary is in bold and not longer than 300 characters, including spaces. The counter at the bottom can help.&#8221; _builder_version=&#8221;4.21.0&#8243; _module_preset=&#8221;default&#8221; custom_padding=&#8221;||20px||false|false&#8221; global_colors_info=&#8221;{}&#8221;]<\/p>\n<p><strong>Socialprotection.org ha publicado su \u00faltimo bolet\u00edn, centrado en la integraci\u00f3n cr\u00edtica de las pol\u00edticas de salud y protecci\u00f3n social. Destaca la intersecci\u00f3n entre el acceso a la atenci\u00f3n sanitaria, la reducci\u00f3n de la pobreza y la mitigaci\u00f3n de la desigualdad.<\/strong><\/p>\n<p>[\/et_pb_text][et_pb_text admin_label=&#8221;TO BE EDITED &#8211; TEXT OF THE NEWS &#8211; BLOCK 1 &#8211; Click on the WHEEL icon to open the textarea where you can paste or type your news. PLEASE USE ONLY THE FEATURED IMAGE FUNCTION on your right column to add the image.&#8221; _builder_version=&#8221;4.21.0&#8243; _module_preset=&#8221;default&#8221; custom_padding=&#8221;||1em||false|false&#8221; global_colors_info=&#8221;{}&#8221;]<\/p>\n<p><strong>Aspectos destacados:<\/strong><\/p>\n<ul>\n<li><strong>Serie<a href=\"https:\/\/socialprotection.org\/april-2024-integrating-health-and-social-protection-policies#:~:text=Episode%2037%20%7C%20The%20Evolution%20of%20Social%20Protection%20in%20the%20Pacific\">Podcast<\/a>:<\/strong> El episodio inaugural de la serie Indo-Pac\u00edfico del Podcast sobre Protecci\u00f3n Social analiza la evoluci\u00f3n de la protecci\u00f3n social en los pa\u00edses insulares del Pac\u00edfico en medio de la COVID-19 y los retos relacionados con el clima.<\/li>\n<li><strong><a href=\"https:\/\/socialprotection.org\/discover\/blog\/social-protection-health-and-wellbeing\">Blog<\/a> especial:<\/strong> Un blog destacado de Lou Tessier y Nathalie Both, de la OIT, explora c\u00f3mo la protecci\u00f3n social de la salud puede eliminar las barreras financieras y reforzar la atenci\u00f3n primaria de salud.<\/li>\n<li><strong><a href=\"https:\/\/socialprotection.org\/april-2024-integrating-health-and-social-protection-policies#:~:text=Database-,Global%20Child%20Benefits%20Tracker,-%7C%20ILO%2C%20UNICEF%2C%20Save\">Rastreador mundial de prestaciones<\/a> infantiles:<\/strong> Accede a datos exhaustivos sobre pobreza infantil y pol\u00edticas de protecci\u00f3n social de la OIT, UNICEF y Save the Children.<\/li>\n<li><strong><a href=\"https:\/\/socialprotection.org\/learn\/webinars\">Pr\u00f3ximos seminarios web<\/a>:<\/strong> Los temas incluyen los sistemas de protecci\u00f3n social sensibles al g\u00e9nero e inclusivos de la discapacidad en \u00c1frica (18 de abril) y el lanzamiento del &#8220;Libro de jugadas sobre inclusi\u00f3n din\u00e1mica e interoperabilidad&#8221; (9 de mayo).<\/li>\n<li><strong><a href=\"https:\/\/socialprotection.org\/discover\/publications\">Publicaciones y Multimedia<\/a>:<\/strong> Descubre las investigaciones recientes sobre las transferencias monetarias, la protecci\u00f3n financiera de la asistencia sanitaria y el impacto del seguro de desempleo en la salud en Brasil. Mira un documental sobre las repercusiones en la salud mental del programa Bolsa Familia en Brasil.<\/li>\n<\/ul>\n<p>[\/et_pb_text][et_pb_text admin_label=&#8221;TO BE EDITED &#8211; TEXT OF THE NEWS &#8211; BLOCK 2 &#8211; Click on the WHEEL icon to open the textarea where you can paste or type your news. PLEASE USE ONLY THE FEATURED IMAGE FUNCTION on your right column to add the image.&#8221; _builder_version=&#8221;4.21.0&#8243; _module_preset=&#8221;default&#8221; global_colors_info=&#8221;{}&#8221;][\/et_pb_text][\/et_pb_column][\/et_pb_row][\/et_pb_section]<\/p>\n","protected":false},"excerpt":{"rendered":"<p>Socialprotection.org ha publicado su \u00faltimo bolet\u00edn, centrado en la integraci\u00f3n cr\u00edtica de las pol\u00edticas de salud y protecci\u00f3n social. Destaca la intersecci\u00f3n entre el acceso a la atenci\u00f3n sanitaria, la reducci\u00f3n de la pobreza y la mitigaci\u00f3n de la desigualdad.Aspectos destacados: SeriePodcast: El episodio inaugural de la serie Indo-Pac\u00edfico del Podcast sobre Protecci\u00f3n Social analiza&#8230;<\/p>\n","protected":false},"author":559,"featured_media":987692600,"comment_status":"closed","ping_status":"closed","template":"","meta":{"_et_pb_use_builder":"on","_et_pb_old_content":"","_et_gb_content_width":""},"categories":[],"tags":[3029,3063],"acf":[],"_links":{"self":[{"href":"https:\/\/p4h.world\/es\/wp-json\/wp\/v2\/news\/987692564"}],"collection":[{"href":"https:\/\/p4h.world\/es\/wp-json\/wp\/v2\/news"}],"about":[{"href":"https:\/\/p4h.world\/es\/wp-json\/wp\/v2\/types\/news"}],"author":[{"embeddable":true,"href":"https:\/\/p4h.world\/es\/wp-json\/wp\/v2\/users\/559"}],"replies":[{"embeddable":true,"href":"https:\/\/p4h.world\/es\/wp-json\/wp\/v2\/comments?post=987692564"}],"version-history":[{"count":8,"href":"https:\/\/p4h.world\/es\/wp-json\/wp\/v2\/news\/987692564\/revisions"}],"predecessor-version":[{"id":987692610,"href":"https:\/\/p4h.world\/es\/wp-json\/wp\/v2\/news\/987692564\/revisions\/987692610"}],"wp:featuredmedia":[{"embeddable":true,"href":"https:\/\/p4h.world\/es\/wp-json\/wp\/v2\/media\/987692600"}],"wp:attachment":[{"href":"https:\/\/p4h.world\/es\/wp-json\/wp\/v2\/media?parent=987692564"}],"wp:term":[{"taxonomy":"category","embeddable":true,"href":"https:\/\/p4h.world\/es\/wp-json\/wp\/v2\/categories?post=987692564"},{"taxonomy":"post_tag","embeddable":true,"href":"https:\/\/p4h.world\/es\/wp-json\/wp\/v2\/tags?post=987692564"}],"curies":[{"name":"wp","href":"https:\/\/api.w.org\/{rel}","templated":true}]}}