{"id":987699580,"date":"2024-06-10T14:32:53","date_gmt":"2024-06-10T13:32:53","guid":{"rendered":"https:\/\/p4h.world\/?post_type=news&#038;p=987699580"},"modified":"2024-06-26T09:00:50","modified_gmt":"2024-06-26T08:00:50","slug":"webinar-equidad-en-salud-para-todos-avanzar-en-la-proteccion-sociosanitaria-de-las-personas-con-discapacidad","status":"publish","type":"news","link":"https:\/\/p4h.world\/es\/news\/webinar-equidad-en-salud-para-todos-avanzar-en-la-proteccion-sociosanitaria-de-las-personas-con-discapacidad\/","title":{"rendered":"Webinar- Equidad en salud para todos: Avanzar en la protecci\u00f3n sociosanitaria de las personas con discapacidad"},"content":{"rendered":"<p>[et_pb_section fb_built=&#8221;1&#8243; admin_label=&#8221;\u00a1\u00a1\u00a1!!! \u00a1\u00a1\u00a1POR FAVOR NO EDITAR !!! &#8221; _builder_version=&#8221;4.19.5&#8243; _module_preset=&#8221;default&#8221; global_colors_info=&#8221;{}&#8221;][et_pb_row admin_label=&#8221;!!! PLEASE DO NOT EDIT !!!&#8221; _builder_version=&#8221;4.19.5&#8243; _module_preset=&#8221;default&#8221; global_colors_info=&#8221;{}&#8221;][et_pb_column type=&#8221;4_4&#8243; _builder_version=&#8221;4.19.5&#8243; _module_preset=&#8221;default&#8221; global_colors_info=&#8221;{}&#8221;][et_pb_text admin_label=&#8221;TO BE EDITED &#8211; SUMMARY &#8211; Click on the WHEEL icon to open the textarea where you can paste or type your summary. The summary condenses the main points for the news that starts below. The summary is in bold and not longer than 300 characters, including spaces. The counter at the bottom can help.&#8221; _builder_version=&#8221;4.21.0&#8243; _module_preset=&#8221;default&#8221; custom_padding=&#8221;||20px||false|false&#8221; global_colors_info=&#8221;{}&#8221;]<\/p>\n<div class=\"flex flex-grow flex-col max-w-full\">\n<div class=\"min-h-[20px] text-message flex flex-col items-start whitespace-pre-wrap break-words [.text-message+&amp;]:mt-5 juice:w-full juice:items-end overflow-x-auto gap-2\" dir=\"auto\" data-message-author-role=\"assistant\" data-message-id=\"9bed0c93-97ca-46ba-bada-d8fa99cca617\">\n<div class=\"flex w-full flex-col gap-1 juice:empty:hidden juice:first:pt-[3px]\">\n<div class=\"markdown prose w-full break-words dark:prose-invert light\">\n<p><strong>\u00danete a nosotros el jueves 27 de junio de 2024 para asistir a un seminario web en el que se debatir\u00e1n las conclusiones de la investigaci\u00f3n ILO-CONNECT en Camboya, la Rep\u00fablica Democr\u00e1tica Popular Lao y Vietnam, con aportaciones de personas con discapacidad y recomendaciones para una protecci\u00f3n social de la salud inclusiva.<\/strong><\/p>\n<\/div>\n<\/div>\n<\/div>\n<\/div>\n<p>[\/et_pb_text][et_pb_text admin_label=&#8221;TO BE EDITED &#8211; TEXT OF THE NEWS &#8211; BLOCK 1 &#8211; Click on the WHEEL icon to open the textarea where you can paste or type your news. PLEASE USE ONLY THE FEATURED IMAGE FUNCTION on your right column to add the image.&#8221; _builder_version=&#8221;4.21.0&#8243; _module_preset=&#8221;default&#8221; custom_padding=&#8221;||1em||false|false&#8221; global_colors_info=&#8221;{}&#8221;]<\/p>\n<div class=\"field-item even\">\n<p>En un esfuerzo concertado para abordar las importantes lagunas existentes en la protecci\u00f3n sociosanitaria de las personas con discapacidad en Asia y el Pac\u00edfico, la <a href=\"https:\/\/socialprotection.org\/connect\/stakeholders\/international-labour-organization-ilo\">Organizaci\u00f3n Internacional del Trabajo (OIT), <\/a> el<a href=\"https:\/\/socialprotection.org\/connect\/stakeholders\/united-nations-childrens-fund-unicef\">Fondo de las Naciones Unidas para la Infancia (UNICEF <\/a>)<a href=\"https:\/\/socialprotection.org\/connect\/stakeholders\/connect\">CONNECT <\/a>y <a href=\"https:\/\/socialprotection.org\/connect\/stakeholders\/p4h-network\">la Red P4H<\/a> organizan un seminario web el jueves 27 de junio de 2024, de 15:00 a 17:00 (hora de Bangkok). En el seminario web se presentar\u00e1n conclusiones cr\u00edticas de investigaciones recientes realizadas en Camboya, la RDP Lao y Vietnam sobre el acceso de las personas con discapacidad a la protecci\u00f3n sociosanitaria. El estudio destaca las barreras jur\u00eddicas y operativas y propone estrategias para garantizar unos sistemas de protecci\u00f3n sociosanitaria m\u00e1s inclusivos.<\/p>\n<p>Este es el tercer seminario web de la serie &#8220;<a href=\"https:\/\/socialprotection.org\/webinar-series#towards-inclusive-SPS-participation-and-inclusion-of-persons-with-disabilities\" target=\"_blank\" rel=\"noopener\">Hacia sistemas de protecci\u00f3n social inclusivos: participaci\u00f3n e inclusi\u00f3n de las personas con discapacidad<\/a>&#8220;, realizado conjuntamente con una amplia coalici\u00f3n de socios para el desarrollo. La sesi\u00f3n contar\u00e1 con interpretaci\u00f3n internacional en lengua de signos, subtitulaci\u00f3n e interpretaci\u00f3n simult\u00e1nea en ingl\u00e9s, jemer, lao y vietnamita.<\/p>\n<\/div>\n<p>[\/et_pb_text][et_pb_button button_url=&#8221;https:\/\/socialprotectionorg.zoom.us\/webinar\/register\/WN_agQidoIjT_-nR0_SnrPgsQ&#8221; button_text=&#8221;\u00a1Inscr\u00edbete aqu\u00ed para unirte a nosotros el 27 de junio!&#8221; button_alignment=&#8221;center&#8221; _builder_version=&#8221;4.21.0&#8243; _module_preset=&#8221;default&#8221; custom_button=&#8221;on&#8221; button_text_size=&#8221;17px&#8221; button_text_color=&#8221;#FFFFFF&#8221; button_bg_color=&#8221;#EA3A32&#8243; button_border_width=&#8221;0px&#8221; button_border_color=&#8221;RGBA(255,255,255,0)&#8221; button_border_radius=&#8221;3px&#8221; button_letter_spacing=&#8221;0px&#8221; button_font=&#8221;Oswald|||on|||||&#8221; button_use_icon=&#8221;off&#8221; locked=&#8221;off&#8221; global_colors_info=&#8221;{}&#8221; button_border_radius__hover_enabled=&#8221;on|desktop&#8221; button_border_radius__hover=&#8221;3px&#8221; button_bg_color__hover_enabled=&#8221;on|hover&#8221; button_bg_color__hover=&#8221;#2D424C&#8221; button_bg_enable_color__hover=&#8221;on&#8221; button_border_width__hover_enabled=&#8221;on|desktop&#8221; button_border_width__hover=&#8221;0px&#8221;][\/et_pb_button][et_pb_text admin_label=&#8221;TO BE EDITED &#8211; TEXT OF THE NEWS &#8211; BLOCK 2 &#8211; Click on the WHEEL icon to open the textarea where you can paste or type your news. PLEASE USE ONLY THE FEATURED IMAGE FUNCTION on your right column to add the image.&#8221; _builder_version=&#8221;4.21.0&#8243; _module_preset=&#8221;default&#8221; global_colors_info=&#8221;{}&#8221;]<\/p>\n<p class=\"rtejustify\"><strong>Altavoces<\/strong><\/p>\n<ul>\n<li>Panudda Boonpala, Director Regional Adjunto para Asia y el Pac\u00edfico, OIT<\/li>\n<li>Charles Knox-Vydmanov, Consultor, OIT<\/li>\n<li>Phuong Nguyen Khanh, Director del Instituto de Estrategia y Pol\u00edtica Sanitarias (Vietnam)<\/li>\n<li>Boravin Ket, Coordinador de Programas, Agile (Camboya)<\/li>\n<li>Ketmany Chanthakoumane, Jefe Adjunto de la Divisi\u00f3n de Pol\u00edtica Sanitaria e Investigaci\u00f3n del Sistema Sanitario, Instituto de Salud P\u00fablica y Tropical de Laos (RDP Lao).<\/li>\n<li>Christine Phillips, Profesora, Universidad Nacional de Australia, Fundamentos Sociales de la Medicina en la Facultad de Medicina y Psicolog\u00eda (Australia)<\/li>\n<li>Alexandre Cote, Especialista en pol\u00edtica social, UNICEF<\/li>\n<li>Lim Puay Tiak, Presidente del Foro de Discapacidad de la ASEAN (ADF)<\/li>\n<li>Moderadora: Marielle Phe Goursat, Directora de Proyectos, OIT<\/li>\n<li>Moderador (Preguntas y Respuestas): Yuta Momose, Responsable de Protecci\u00f3n Social, OIT<\/li>\n<\/ul>\n<p><i>El seminario web est\u00e1 organizado por <a href=\"https:\/\/socialprotection.org\/learn\/webinars\/equity-health-all-advancing-social-health-protection-persons-disabilities\">socialprotection.org<\/a><\/i><\/p>\n<p>[\/et_pb_text][\/et_pb_column][\/et_pb_row][\/et_pb_section]<\/p>\n","protected":false},"excerpt":{"rendered":"<p>\u00danete a nosotros el jueves 27 de junio de 2024 para asistir a un seminario web en el que se debatir\u00e1n las conclusiones de la investigaci\u00f3n ILO-CONNECT en Camboya, la Rep\u00fablica Democr\u00e1tica Popular Lao y Vietnam, con aportaciones de personas con discapacidad y recomendaciones para una protecci\u00f3n social de la salud inclusiva. En un esfuerzo&#8230;<\/p>\n","protected":false},"author":559,"featured_media":987699558,"comment_status":"closed","ping_status":"closed","template":"","meta":{"_et_pb_use_builder":"on","_et_pb_old_content":"","_et_gb_content_width":""},"categories":[],"tags":[3057,3029,3069,2452],"acf":[],"_links":{"self":[{"href":"https:\/\/p4h.world\/es\/wp-json\/wp\/v2\/news\/987699580"}],"collection":[{"href":"https:\/\/p4h.world\/es\/wp-json\/wp\/v2\/news"}],"about":[{"href":"https:\/\/p4h.world\/es\/wp-json\/wp\/v2\/types\/news"}],"author":[{"embeddable":true,"href":"https:\/\/p4h.world\/es\/wp-json\/wp\/v2\/users\/559"}],"replies":[{"embeddable":true,"href":"https:\/\/p4h.world\/es\/wp-json\/wp\/v2\/comments?post=987699580"}],"version-history":[{"count":29,"href":"https:\/\/p4h.world\/es\/wp-json\/wp\/v2\/news\/987699580\/revisions"}],"predecessor-version":[{"id":987704109,"href":"https:\/\/p4h.world\/es\/wp-json\/wp\/v2\/news\/987699580\/revisions\/987704109"}],"wp:featuredmedia":[{"embeddable":true,"href":"https:\/\/p4h.world\/es\/wp-json\/wp\/v2\/media\/987699558"}],"wp:attachment":[{"href":"https:\/\/p4h.world\/es\/wp-json\/wp\/v2\/media?parent=987699580"}],"wp:term":[{"taxonomy":"category","embeddable":true,"href":"https:\/\/p4h.world\/es\/wp-json\/wp\/v2\/categories?post=987699580"},{"taxonomy":"post_tag","embeddable":true,"href":"https:\/\/p4h.world\/es\/wp-json\/wp\/v2\/tags?post=987699580"}],"curies":[{"name":"wp","href":"https:\/\/api.w.org\/{rel}","templated":true}]}}