{"id":987706189,"date":"2024-07-04T12:13:25","date_gmt":"2024-07-04T11:13:25","guid":{"rendered":"https:\/\/p4h.world\/?post_type=news&#038;p=987706189"},"modified":"2024-07-04T12:13:43","modified_gmt":"2024-07-04T11:13:43","slug":"lucha-contra-la-malaria-camerun-se-enfrenta-a-un-deficit-de-financiacion-del-55","status":"publish","type":"news","link":"https:\/\/p4h.world\/es\/news\/lucha-contra-la-malaria-camerun-se-enfrenta-a-un-deficit-de-financiacion-del-55\/","title":{"rendered":"Lucha contra la malaria: Camer\u00fan se enfrenta a un d\u00e9ficit de financiaci\u00f3n del 55"},"content":{"rendered":"<p>[et_pb_section fb_built=&#8221;1&#8243; admin_label=&#8221;! !! NE PAS MODIFIER ! !!&#8221; _builder_version=&#8221;4.19.5&#8243; _module_preset=&#8221;default&#8221; global_colors_info=&#8221;{}&#8221;][et_pb_row admin_label=&#8221;\u00a1\u00a1\u00a1!!! \u00a1\u00a1\u00a1POR FAVOR NO EDITAR !!! &#8221; _builder_version=&#8221;4.19.5&#8243; _module_preset=&#8221;default&#8221; global_colors_info=&#8221;{}&#8221;][et_pb_column type=&#8221;4_4&#8243; _builder_version=&#8221;4.19.5&#8243; _module_preset=&#8221;default&#8221; global_colors_info=&#8221;{}&#8221;][et_pb_text admin_label=&#8221;TO BE EDITED &#8211; SUMMARY &#8211; Click on the WHEEL icon to open the textarea where you can paste or type your summary.  Summary should be in bold and 250-300 characters. The counter at the bottom can help.&#8221; _builder_version=&#8221;4.21.0&#8243; _module_preset=&#8221;default&#8221; custom_padding=&#8221;||20px||false|false&#8221; global_colors_info=&#8221;{}&#8221;]<\/p>\n<p style=\"font-weight: 400;\"><strong>En la Jornada Parlamentaria Especial sobre la Malaria, la Ministra de Salud P\u00fablica se\u00f1al\u00f3 que, a pesar de los progresos realizados en la lucha contra esta enfermedad, la cobertura de la poblaci\u00f3n con intervenciones de prevenci\u00f3n y tratamiento sigue siendo insuficiente debido a una financiaci\u00f3n inadecuada.  <\/strong><\/p>\n<p>[\/et_pb_text][et_pb_text admin_label=&#8221;TO BE EDITED &#8211; TEXT OF THE NEWS &#8211; Click on the WHEEL icon to open the textarea where you can paste or type your news. PLEASE USE THE USE ONLY THE FEATURED IMAGE FUNCTION on your right column to add the image.&#8221; _builder_version=&#8221;4.21.0&#8243; _module_preset=&#8221;default&#8221; global_colors_info=&#8221;{}&#8221;]<\/p>\n<p style=\"font-weight: 400;\"><a href=\"https:\/\/p4h.world\/es\/countries\/camerun\/\">Camer\u00fan<\/a> se enfrenta a un gran reto a la hora de financiar su 6\u00ba Plan Estrat\u00e9gico Nacional de Control de la Malaria para el periodo 2024-2028. Seg\u00fan el Ministerio de Salud P\u00fablica, se necesitan 336.950 millones de francos CFA para llevar a cabo las intervenciones previstas. En abril de 2024, s\u00f3lo se hab\u00edan recaudado 149.980 millones de francos CFA, lo que dejaba un d\u00e9ficit financiero de m\u00e1s de 186.000 millones de francos CFA, es decir, el 55% de las necesidades totales.<\/p>\n<p style=\"font-weight: 400;\">La financiaci\u00f3n debe garantizar la disponibilidad de insumos a todos los niveles, facilitando as\u00ed la gesti\u00f3n eficaz y r\u00e1pida de los casos confirmados de paludismo. Las intervenciones abarcar\u00e1n no s\u00f3lo los centros sanitarios, sino tambi\u00e9n las comunidades gracias a los trabajadores sanitarios comunitarios polivalentes. La ministra de Sanidad subray\u00f3 que el gobierno ha tomado medidas para garantizar el acceso universal y asequible a la prevenci\u00f3n y el tratamiento de la malaria, sobre todo para los grupos m\u00e1s vulnerables: los ni\u00f1os menores de 5 a\u00f1os y las mujeres embarazadas.  <\/p>\n<p style=\"font-weight: 400;\">El presupuesto del Ministerio de Salud P\u00fablica ha pasado de 228.168 millones de FCFA en 2023 a 255.281 millones de FCFA en 2024, lo que supone un aumento del 11,88%. Sin embargo, hay que se\u00f1alar que el presupuesto asignado a la sanidad nunca ha superado el 7% del presupuesto del Estado, muy lejos del objetivo del 15% fijado por la Declaraci\u00f3n de Abuja de 2000. El 12 de junio, los miembros del Grupo de Trabajo Parlamentario sobre Financiaci\u00f3n Sanitaria pidieron un aumento del presupuesto.<\/p>\n<p style=\"font-weight: 400;\">&#8220;<strong><br \/>\n  <em>Tambi\u00e9n exigimos que los ministros destinen el 1% de su presupuesto a la lucha contra la malaria&#8221;.<\/em><br \/>\n<\/strong>declar\u00f3 el diputado Njume Peter Ambang, miembro del grupo parlamentario para la financiaci\u00f3n de la sanidad.  <\/p>\n<p>[\/et_pb_text][\/et_pb_column][\/et_pb_row][\/et_pb_section]<\/p>\n","protected":false},"excerpt":{"rendered":"<p>En la Jornada Parlamentaria Especial sobre la Malaria, la Ministra de Salud P\u00fablica se\u00f1al\u00f3 que, a pesar de los progresos realizados en la lucha contra esta enfermedad, la cobertura de la poblaci\u00f3n con intervenciones de prevenci\u00f3n y tratamiento sigue siendo insuficiente debido a una financiaci\u00f3n inadecuada. Camer\u00fan se enfrenta a un gran reto a la&#8230;<\/p>\n","protected":false},"author":1633,"featured_media":987706179,"comment_status":"closed","ping_status":"closed","template":"","meta":{"_et_pb_use_builder":"on","_et_pb_old_content":"","_et_gb_content_width":""},"categories":[],"tags":[2482],"acf":[],"_links":{"self":[{"href":"https:\/\/p4h.world\/es\/wp-json\/wp\/v2\/news\/987706189"}],"collection":[{"href":"https:\/\/p4h.world\/es\/wp-json\/wp\/v2\/news"}],"about":[{"href":"https:\/\/p4h.world\/es\/wp-json\/wp\/v2\/types\/news"}],"author":[{"embeddable":true,"href":"https:\/\/p4h.world\/es\/wp-json\/wp\/v2\/users\/1633"}],"replies":[{"embeddable":true,"href":"https:\/\/p4h.world\/es\/wp-json\/wp\/v2\/comments?post=987706189"}],"version-history":[{"count":4,"href":"https:\/\/p4h.world\/es\/wp-json\/wp\/v2\/news\/987706189\/revisions"}],"predecessor-version":[{"id":987706202,"href":"https:\/\/p4h.world\/es\/wp-json\/wp\/v2\/news\/987706189\/revisions\/987706202"}],"wp:featuredmedia":[{"embeddable":true,"href":"https:\/\/p4h.world\/es\/wp-json\/wp\/v2\/media\/987706179"}],"wp:attachment":[{"href":"https:\/\/p4h.world\/es\/wp-json\/wp\/v2\/media?parent=987706189"}],"wp:term":[{"taxonomy":"category","embeddable":true,"href":"https:\/\/p4h.world\/es\/wp-json\/wp\/v2\/categories?post=987706189"},{"taxonomy":"post_tag","embeddable":true,"href":"https:\/\/p4h.world\/es\/wp-json\/wp\/v2\/tags?post=987706189"}],"curies":[{"name":"wp","href":"https:\/\/api.w.org\/{rel}","templated":true}]}}