{"id":987733635,"date":"2024-11-19T09:07:16","date_gmt":"2024-11-19T08:07:16","guid":{"rendered":"https:\/\/p4h.world\/?post_type=news&#038;p=987733635"},"modified":"2024-11-19T09:07:36","modified_gmt":"2024-11-19T08:07:36","slug":"el-seguro-de-enfermedad-publica-datos-sobre-los-reembolsos-sanitarios-de-los-ultimos-doce-meses","status":"publish","type":"news","link":"https:\/\/p4h.world\/es\/news\/el-seguro-de-enfermedad-publica-datos-sobre-los-reembolsos-sanitarios-de-los-ultimos-doce-meses\/","title":{"rendered":"El seguro de enfermedad publica datos sobre los reembolsos sanitarios de los \u00faltimos doce meses"},"content":{"rendered":"<p>[et_pb_section fb_built=&#8221;1&#8243; admin_label=&#8221;! !! NE PAS MODIFIER ! !! &#8221; _builder_version=&#8221;4.19.5&#8243; _module_preset=&#8221;default&#8221; global_colors_info=&#8221;{}&#8221;][et_pb_row admin_label=&#8221;\u00a1\u00a1\u00a1!!! \u00a1\u00a1\u00a1POR FAVOR NO EDITES !!! &#8221; _builder_version=&#8221;4.19.5&#8243; _module_preset=&#8221;default&#8221; global_colors_info=&#8221;{}&#8221;][et_pb_column type=&#8221;4_4&#8243; _builder_version=&#8221;4.19.5&#8243; _module_preset=&#8221;default&#8221; global_colors_info=&#8221;{}&#8221;][et_pb_text admin_label=&#8221;TO BE EDITED &#8211; SUMMARY &#8211; Click on the WHEEL icon to open the textarea where you can paste or type your summary. The summary condenses the main points for the news that starts below. The summary is in bold and not longer than 300 characters, including spaces. The counter at the bottom can help.&#8221; _builder_version=&#8221;4.21.0&#8243; _module_preset=&#8221;default&#8221; custom_padding=&#8221;||20px||false|false&#8221; global_colors_info=&#8221;{}&#8221;]<\/p>\n<div><span lang=\"FR\">El 24 de septiembre, la Seguridad Social francesa (Assurance maladie) present\u00f3 la evoluci\u00f3n de los reembolsos sanitarios del r\u00e9gimen general en los \u00faltimos doce meses. Los datos publicados muestran que los reembolsos aumentaron un 4,4% en ese periodo. <\/span><\/div>\n<p>[\/et_pb_text][et_pb_text admin_label=&#8221;TO BE EDITED &#8211; TEXT OF THE NEWS &#8211; BLOCK 1 &#8211; Click on the WHEEL icon to open the textarea where you can paste or type your news. PLEASE USE ONLY THE FEATURED IMAGE FUNCTION on your right column to add the image.&#8221; _builder_version=&#8221;4.21.0&#8243; _module_preset=&#8221;default&#8221; custom_padding=&#8221;||1em||false|false&#8221; global_colors_info=&#8221;{}&#8221;]<\/p>\n<p style=\"font-weight: 400;\">El gasto en atenci\u00f3n primaria ha aumentado un 3,3% en un a\u00f1o, y los reembolsos a los m\u00e9dicos de cabecera un 0,5%. Este aumento se debe, en particular, a la subida de la tasa de consulta introducida en noviembre de 2023. Los reembolsos por asistencia dental disminuyeron un 7,8%, debido al aumento de la tasa de copago en octubre de 2023.  <\/p>\n<p style=\"font-weight: 400;\">Los reembolsos por an\u00e1lisis de biolog\u00eda m\u00e9dica cayeron un 6,8%. Esta ca\u00edda se explica en parte por la duplicaci\u00f3n de los copagos a tanto alzado y la disminuci\u00f3n del gasto en pruebas relacionadas con el Covid-19. Bajo el impulso de los aumentos de precios de noviembre de 2023, los reembolsos por transporte aumentaron un 4,1%. Los reembolsos por medicamentos, que se hab\u00edan ralentizado tras la duplicaci\u00f3n de la franquicia m\u00e9dica en mayo pasado, aumentaron un 2,8%, al igual que las dietas, que subieron un 6,6%. Por \u00faltimo, en los \u00faltimos doce meses, los pagos a los establecimientos aumentaron un 5,8% y un 4,4%, respectivamente para los establecimientos p\u00fablicos y privados.    <\/p>\n<p>[\/et_pb_text][et_pb_text admin_label=&#8221;TO BE EDITED &#8211; TEXT OF THE NEWS &#8211; BLOCK 2 &#8211; Click on the WHEEL icon to open the textarea where you can paste or type your news. PLEASE USE ONLY THE FEATURED IMAGE FUNCTION on your right column to add the image.&#8221; _builder_version=&#8221;4.21.0&#8243; _module_preset=&#8221;default&#8221; global_colors_info=&#8221;{}&#8221;][\/et_pb_text][\/et_pb_column][\/et_pb_row][\/et_pb_section]<\/p>\n","protected":false},"excerpt":{"rendered":"<p>El 24 de septiembre, la Seguridad Social francesa (Assurance maladie) present\u00f3 la evoluci\u00f3n de los reembolsos sanitarios del r\u00e9gimen general en los \u00faltimos doce meses. Los datos publicados muestran que los reembolsos aumentaron un 4,4% en ese periodo. El gasto en atenci\u00f3n primaria ha aumentado un 3,3% en un a\u00f1o, y los reembolsos a los&#8230;<\/p>\n","protected":false},"author":1633,"featured_media":987733624,"comment_status":"closed","ping_status":"closed","template":"","meta":{"_et_pb_use_builder":"on","_et_pb_old_content":"","_et_gb_content_width":""},"categories":[],"tags":[2362,2455],"acf":[],"_links":{"self":[{"href":"https:\/\/p4h.world\/es\/wp-json\/wp\/v2\/news\/987733635"}],"collection":[{"href":"https:\/\/p4h.world\/es\/wp-json\/wp\/v2\/news"}],"about":[{"href":"https:\/\/p4h.world\/es\/wp-json\/wp\/v2\/types\/news"}],"author":[{"embeddable":true,"href":"https:\/\/p4h.world\/es\/wp-json\/wp\/v2\/users\/1633"}],"replies":[{"embeddable":true,"href":"https:\/\/p4h.world\/es\/wp-json\/wp\/v2\/comments?post=987733635"}],"version-history":[{"count":8,"href":"https:\/\/p4h.world\/es\/wp-json\/wp\/v2\/news\/987733635\/revisions"}],"predecessor-version":[{"id":987733648,"href":"https:\/\/p4h.world\/es\/wp-json\/wp\/v2\/news\/987733635\/revisions\/987733648"}],"wp:featuredmedia":[{"embeddable":true,"href":"https:\/\/p4h.world\/es\/wp-json\/wp\/v2\/media\/987733624"}],"wp:attachment":[{"href":"https:\/\/p4h.world\/es\/wp-json\/wp\/v2\/media?parent=987733635"}],"wp:term":[{"taxonomy":"category","embeddable":true,"href":"https:\/\/p4h.world\/es\/wp-json\/wp\/v2\/categories?post=987733635"},{"taxonomy":"post_tag","embeddable":true,"href":"https:\/\/p4h.world\/es\/wp-json\/wp\/v2\/tags?post=987733635"}],"curies":[{"name":"wp","href":"https:\/\/api.w.org\/{rel}","templated":true}]}}