{"id":987737423,"date":"2024-12-16T13:15:35","date_gmt":"2024-12-16T12:15:35","guid":{"rendered":"https:\/\/p4h.world\/?post_type=news&#038;p=987737423"},"modified":"2024-12-16T13:15:51","modified_gmt":"2024-12-16T12:15:51","slug":"proteccion-social-en-pakistan-reformas-para-una-equidad-inclusiva","status":"publish","type":"news","link":"https:\/\/p4h.world\/es\/news\/proteccion-social-en-pakistan-reformas-para-una-equidad-inclusiva\/","title":{"rendered":"Protecci\u00f3n Social en Pakist\u00e1n: Reformas para una equidad inclusiva"},"content":{"rendered":"<p>[et_pb_section fb_built=&#8221;1&#8243; admin_label=&#8221;\u00a1\u00a1\u00a1POR FAVOR NO EDITES !!! &#8221; _builder_version=&#8221;4.19.5&#8243; _module_preset=&#8221;default&#8221; global_colors_info=&#8221;{}&#8221;][et_pb_row admin_label=&#8221;!!! PLEASE DO NOT EDIT !!!&#8221; _builder_version=&#8221;4.19.5&#8243; _module_preset=&#8221;default&#8221; global_colors_info=&#8221;{}&#8221;][et_pb_column type=&#8221;4_4&#8243; _builder_version=&#8221;4.19.5&#8243; _module_preset=&#8221;default&#8221; global_colors_info=&#8221;{}&#8221;][et_pb_text admin_label=&#8221;TO BE EDITED &#8211; SUMMARY &#8211; Click on the WHEEL icon to open the textarea where you can paste or type your summary. The summary condenses the main points for the news that starts below. The summary is in bold and not longer than 300 characters, including spaces. The counter at the bottom can help.&#8221; _builder_version=&#8221;4.21.0&#8243; _module_preset=&#8221;default&#8221; custom_padding=&#8221;||20px||false|false&#8221; global_colors_info=&#8221;{}&#8221;]<\/p>\n<p>El autor aborda el problema actual de la pobreza en Pakist\u00e1n, donde m\u00e1s de una cuarta parte de la poblaci\u00f3n lucha por satisfacer sus necesidades b\u00e1sicas, a pesar de que la pobreza absoluta ha disminuido con el tiempo. Aunque el n\u00famero de personas empobrecidas supera al de 1947, desde mediados del siglo XX se han aplicado diversas medidas de alivio de la pobreza y de protecci\u00f3n social. Entre las iniciativas clave se encuentran los Programas de Ayuda a las Aldeas y de Obras Rurales en las d\u00e9cadas de 1950 y 1960, el Zakat en la d\u00e9cada de 1980, el Bait-ul-Mal en la d\u00e9cada de 1990, el Documento de Estrategia de Lucha contra la Pobreza (DELP) en la d\u00e9cada de 2000, el Programa Benazir de Apoyo a los Ingresos (BISP) a partir de 2008, y un ministerio federal dedicado a la mitigaci\u00f3n de la pobreza creado en 2019. Las provincias, como la Autoridad de Protecci\u00f3n Social de Punjab, tambi\u00e9n han tomado medidas.   <\/p>\n<p>El gasto p\u00fablico en protecci\u00f3n social y alivio de la pobreza ha aumentado dr\u00e1sticamente en las dos \u00faltimas d\u00e9cadas, superando el bill\u00f3n de rupias a partir de 2015. La asignaci\u00f3n del BISP ha experimentado un notable aumento, pasando de 34.000 millones de rupias en 2008 a cantidades a\u00fan mayores en a\u00f1os posteriores. Estas redes de seguridad social han surgido en gran medida como respuesta al estancamiento econ\u00f3mico, la elevada inflaci\u00f3n y la influencia de los donantes externos. Los programas se dividen en tres categor\u00edas:   <\/p>\n<p><strong>1.<\/strong> Los <strong>programas de seguros sociales<\/strong>, en los que los beneficiarios cotizan para recibir prestaciones m\u00e1s adelante, entre los que se incluyen reg\u00edmenes como la Instituci\u00f3n de Prestaciones de Vejez de los Trabajadores (EOBI) y el Fondo de Bienestar de los Trabajadores (WWF). Sin embargo, su alcance es limitado debido a las lagunas de conocimiento y a la econom\u00eda sumergida. <\/p>\n<p><strong>2.<\/strong> Los <strong>programas de asistencia social<\/strong> son no contributivos y est\u00e1n dirigidos a grupos vulnerables, como el Zakat y el BISP. Algunos de ellos han experimentado aumentos presupuestarios sustanciales. <\/p>\n<p><strong>3. Los programas del mercado laboral<\/strong> centrados en el desarrollo de las capacidades de los j\u00f3venes y la protecci\u00f3n contra el desempleo incluyen iniciativas como el Programa de Desarrollo de las Capacidades de los J\u00f3venes del Primer Ministro.<\/p>\n<p>A pesar del conjunto de iniciativas, el texto sostiene que no han fomentado eficazmente la resiliencia, la equidad o las oportunidades para las poblaciones vulnerables. Entre los problemas destacados se encuentran la politizaci\u00f3n, la inadecuada orientaci\u00f3n de los programas y unos planes demasiado ambiciosos que carecen de alineaci\u00f3n con las realidades econ\u00f3micas del pa\u00eds. El autor concluye que, sin un crecimiento econ\u00f3mico sostenido y un desarrollo de las capacidades, los esfuerzos de protecci\u00f3n social por s\u00ed solos no pueden aliviar la pobreza en Pakist\u00e1n.  <\/p>\n<p>[\/et_pb_text][et_pb_text admin_label=&#8221;TO BE EDITED &#8211; TEXT OF THE NEWS &#8211; BLOCK 1 &#8211; Click on the WHEEL icon to open the textarea where you can paste or type your news. PLEASE USE ONLY THE FEATURED IMAGE FUNCTION on your right column to add the image.&#8221; _builder_version=&#8221;4.21.0&#8243; _module_preset=&#8221;default&#8221; custom_padding=&#8221;||1em||false|false&#8221; global_colors_info=&#8221;{}&#8221;][\/et_pb_text][et_pb_text admin_label=&#8221;TO BE EDITED &#8211; TEXT OF THE NEWS &#8211; BLOCK 2 &#8211; Click on the WHEEL icon to open the textarea where you can paste or type your news. PLEASE USE ONLY THE FEATURED IMAGE FUNCTION on your right column to add the image.&#8221; _builder_version=&#8221;4.21.0&#8243; _module_preset=&#8221;default&#8221; global_colors_info=&#8221;{}&#8221;][\/et_pb_text][\/et_pb_column][\/et_pb_row][\/et_pb_section]<\/p>\n","protected":false},"excerpt":{"rendered":"<p>El autor aborda el problema actual de la pobreza en Pakist\u00e1n, donde m\u00e1s de una cuarta parte de la poblaci\u00f3n lucha por satisfacer sus necesidades b\u00e1sicas, a pesar de que la pobreza absoluta ha disminuido con el tiempo. Aunque el n\u00famero de personas empobrecidas supera al de 1947, desde mediados del siglo XX se han&#8230;<\/p>\n","protected":false},"author":2098,"featured_media":987737414,"comment_status":"closed","ping_status":"closed","template":"","meta":{"_et_pb_use_builder":"on","_et_pb_old_content":"","_et_gb_content_width":""},"categories":[],"tags":[2452,2635],"acf":[],"_links":{"self":[{"href":"https:\/\/p4h.world\/es\/wp-json\/wp\/v2\/news\/987737423"}],"collection":[{"href":"https:\/\/p4h.world\/es\/wp-json\/wp\/v2\/news"}],"about":[{"href":"https:\/\/p4h.world\/es\/wp-json\/wp\/v2\/types\/news"}],"author":[{"embeddable":true,"href":"https:\/\/p4h.world\/es\/wp-json\/wp\/v2\/users\/2098"}],"replies":[{"embeddable":true,"href":"https:\/\/p4h.world\/es\/wp-json\/wp\/v2\/comments?post=987737423"}],"version-history":[{"count":4,"href":"https:\/\/p4h.world\/es\/wp-json\/wp\/v2\/news\/987737423\/revisions"}],"predecessor-version":[{"id":987737430,"href":"https:\/\/p4h.world\/es\/wp-json\/wp\/v2\/news\/987737423\/revisions\/987737430"}],"wp:featuredmedia":[{"embeddable":true,"href":"https:\/\/p4h.world\/es\/wp-json\/wp\/v2\/media\/987737414"}],"wp:attachment":[{"href":"https:\/\/p4h.world\/es\/wp-json\/wp\/v2\/media?parent=987737423"}],"wp:term":[{"taxonomy":"category","embeddable":true,"href":"https:\/\/p4h.world\/es\/wp-json\/wp\/v2\/categories?post=987737423"},{"taxonomy":"post_tag","embeddable":true,"href":"https:\/\/p4h.world\/es\/wp-json\/wp\/v2\/tags?post=987737423"}],"curies":[{"name":"wp","href":"https:\/\/api.w.org\/{rel}","templated":true}]}}