{"id":987738266,"date":"2024-12-20T22:07:08","date_gmt":"2024-12-20T21:07:08","guid":{"rendered":"https:\/\/p4h.world\/?post_type=news&#038;p=987738266"},"modified":"2024-12-20T22:07:22","modified_gmt":"2024-12-20T21:07:22","slug":"bosnia-y-herzegovina-se-unio-al-programa-eu4health-para-beneficiarse-de-las-oportunidades-de-financiacion-de-la-ue","status":"publish","type":"news","link":"https:\/\/p4h.world\/es\/news\/bosnia-y-herzegovina-se-unio-al-programa-eu4health-para-beneficiarse-de-las-oportunidades-de-financiacion-de-la-ue\/","title":{"rendered":"Bosnia y Herzegovina se uni\u00f3 al programa EU4Health para beneficiarse de las oportunidades de financiaci\u00f3n de la UE"},"content":{"rendered":"<p>[et_pb_section fb_built=&#8221;1&#8243; admin_label=&#8221;\u00a1\u00a1\u00a1POR FAVOR NO EDITES !!! &#8221; _builder_version=&#8221;4.19.5&#8243; _module_preset=&#8221;default&#8221; global_colors_info=&#8221;{}&#8221;][et_pb_row admin_label=&#8221;!!! PLEASE DO NOT EDIT !!!&#8221; _builder_version=&#8221;4.19.5&#8243; _module_preset=&#8221;default&#8221; global_colors_info=&#8221;{}&#8221;][et_pb_column type=&#8221;4_4&#8243; _builder_version=&#8221;4.19.5&#8243; _module_preset=&#8221;default&#8221; global_colors_info=&#8221;{}&#8221;][et_pb_text admin_label=&#8221;TO BE EDITED &#8211; SUMMARY &#8211; Click on the WHEEL icon to open the textarea where you can paste or type your summary. The summary condenses the main points for the news that starts below. The summary is in bold and not longer than 300 characters, including spaces. The counter at the bottom can help.&#8221; _builder_version=&#8221;4.21.0&#8243; _module_preset=&#8221;default&#8221; custom_padding=&#8221;||20px||false|false&#8221; global_colors_info=&#8221;{}&#8221;]<\/p>\n<p><strong>La Comisi\u00f3n Europea y el Consejo de Ministros de Bosnia y Herzegovina firmaron un acuerdo por el que se asocia a Bosnia y Herzegovina al <a href=\"https:\/\/health.ec.europa.eu\/funding\/eu4health-programme-2021-2027-vision-healthier-european-union_en\">programa EU4Health<\/a>. Esto mejorar\u00e1 la capacidad del sistema sanitario del pa\u00eds para responder a las necesidades sanitarias inmediatas de los ciudadanos y contribuir\u00e1 a reforzar su resistencia. <\/strong><\/p>\n<p>[\/et_pb_text][et_pb_text admin_label=&#8221;TO BE EDITED &#8211; TEXT OF THE NEWS &#8211; BLOCK 1 &#8211; Click on the WHEEL icon to open the textarea where you can paste or type your news. PLEASE USE ONLY THE FEATURED IMAGE FUNCTION on your right column to add the image.&#8221; _builder_version=&#8221;4.21.0&#8243; _module_preset=&#8221;default&#8221; custom_padding=&#8221;||1em||false|false&#8221; global_colors_info=&#8221;{}&#8221;]<\/p>\n<div class=\"ecl\">\n<p>El 23 de julio de 2024 Bosnia y Herzegovina se incorpor\u00f3 oficialmente al <a href=\"https:\/\/health.ec.europa.eu\/funding\/eu4health-programme-2021-2027-vision-healthier-european-union_en\">programa EU4Health<\/a>. En su comunicado de prensa, la UE <a href=\"https:\/\/health.ec.europa.eu\/latest-updates\/commission-and-bosnia-and-herzegovina-sign-association-agreement-eu4health-programme-2024-07-23_en\">inform\u00f3<\/a> <\/p>\n<blockquote>\n<p>Con la entrada en vigor del acuerdo,<strong> las autoridades sanitarias, y la comunidad sanitaria en general de <\/strong>Bosnia y Herzegovina,<strong> podr\u00e1n beneficiarse plenamente de las oportunidades de financiaci\u00f3n de la UE en el marco del programa EU4Health<\/strong>, en pie de igualdad con los Estados miembros de la UE, Noruega, Islandia, Ucrania, Moldavia y Montenegro. Con car\u00e1cter retroactivo a partir del 1 de enero de 2024, las entidades del sector sanitario, tanto p\u00fablicas como privadas, de Bosnia y Herzegovina podr\u00e1n acceder a financiaci\u00f3n destinada a \u00e1mbitos cr\u00edticos como <strong>la mejora del diagn\u00f3stico, el tratamiento y la atenci\u00f3n del c\u00e1ncer<\/strong>, el desarrollo de estrategias para el <strong>almacenamiento de medicamentos<\/strong>, el refuerzo de los servicios de <strong>salud mental<\/strong>, la <strong>digitalizaci\u00f3n de la asistencia sanitaria<\/strong> y el abordaje de iniciativas relacionadas con <strong>las amenazas sanitarias transfronterizas.<\/strong> <\/p>\n<\/blockquote>\n<p><strong>Stella Kyriakides, Comisaria de Salud y Seguridad Alimentaria<\/strong>,<strong> <\/strong>ha declarado:<em> <\/em><\/p>\n<blockquote>\n<p>&#8220;<em>Acojo con gran satisfacci\u00f3n el acuerdo de hoy, mediante el cual la ayuda de la UE del programa EU4Health permitir\u00e1 a Bosnia y Herzegovina reforzar su sector sanitario. Este acuerdo representa el compromiso de la UE hacia una cooperaci\u00f3n fuerte y equitativa para lograr nuestro objetivo com\u00fan de mejorar la salud de los ciudadanos tanto en la Uni\u00f3n como fuera de ella, como parte de una Uni\u00f3n Europea de la Salud fuerte&#8221;. <\/em><\/p>\n<\/blockquote>\n<p>El programa EU4Health 2021-2027 se adopt\u00f3 como respuesta a la pandemia COVID-19 y para reforzar la preparaci\u00f3n ante las crisis en la UE. Sus objetivos se representan visualmente en una <a href=\"https:\/\/health.ec.europa.eu\/document\/download\/26327adc-de3e-4e66-b93a-5ec1c8ef48ab_en?filename=eu4health-2021-2027_2022-work-prog_en.pdf\">imagen disponible aqu\u00ed<\/a>. <\/p>\n<\/div>\n<div id=\"news-details\" class=\"ecl-u-mt-3xl\">\n<h2 class=\"ecl-u-type-heading-2\"> <\/h2>\n<\/div>\n<p>[\/et_pb_text][et_pb_text admin_label=&#8221;TO BE EDITED &#8211; TEXT OF THE NEWS &#8211; BLOCK 2 &#8211; Click on the WHEEL icon to open the textarea where you can paste or type your news. PLEASE USE ONLY THE FEATURED IMAGE FUNCTION on your right column to add the image.&#8221; _builder_version=&#8221;4.21.0&#8243; _module_preset=&#8221;default&#8221; global_colors_info=&#8221;{}&#8221;][\/et_pb_text][\/et_pb_column][\/et_pb_row][\/et_pb_section]<\/p>\n","protected":false},"excerpt":{"rendered":"<p>La Comisi\u00f3n Europea y el Consejo de Ministros de Bosnia y Herzegovina firmaron un acuerdo por el que se asocia a Bosnia y Herzegovina al programa EU4Health. Esto mejorar\u00e1 la capacidad del sistema sanitario del pa\u00eds para responder a las necesidades sanitarias inmediatas de los ciudadanos y contribuir\u00e1 a reforzar su resistencia. El 23 de&#8230;<\/p>\n","protected":false},"author":137,"featured_media":987738256,"comment_status":"closed","ping_status":"closed","template":"","meta":{"_et_pb_use_builder":"on","_et_pb_old_content":"","_et_gb_content_width":""},"categories":[],"tags":[2374,3051,3063],"acf":[],"_links":{"self":[{"href":"https:\/\/p4h.world\/es\/wp-json\/wp\/v2\/news\/987738266"}],"collection":[{"href":"https:\/\/p4h.world\/es\/wp-json\/wp\/v2\/news"}],"about":[{"href":"https:\/\/p4h.world\/es\/wp-json\/wp\/v2\/types\/news"}],"author":[{"embeddable":true,"href":"https:\/\/p4h.world\/es\/wp-json\/wp\/v2\/users\/137"}],"replies":[{"embeddable":true,"href":"https:\/\/p4h.world\/es\/wp-json\/wp\/v2\/comments?post=987738266"}],"version-history":[{"count":4,"href":"https:\/\/p4h.world\/es\/wp-json\/wp\/v2\/news\/987738266\/revisions"}],"predecessor-version":[{"id":987738273,"href":"https:\/\/p4h.world\/es\/wp-json\/wp\/v2\/news\/987738266\/revisions\/987738273"}],"wp:featuredmedia":[{"embeddable":true,"href":"https:\/\/p4h.world\/es\/wp-json\/wp\/v2\/media\/987738256"}],"wp:attachment":[{"href":"https:\/\/p4h.world\/es\/wp-json\/wp\/v2\/media?parent=987738266"}],"wp:term":[{"taxonomy":"category","embeddable":true,"href":"https:\/\/p4h.world\/es\/wp-json\/wp\/v2\/categories?post=987738266"},{"taxonomy":"post_tag","embeddable":true,"href":"https:\/\/p4h.world\/es\/wp-json\/wp\/v2\/tags?post=987738266"}],"curies":[{"name":"wp","href":"https:\/\/api.w.org\/{rel}","templated":true}]}}