{"id":987738850,"date":"2024-12-07T20:44:56","date_gmt":"2024-12-07T19:44:56","guid":{"rendered":"https:\/\/p4h.world\/?post_type=news&#038;p=987738850"},"modified":"2025-01-07T21:11:57","modified_gmt":"2025-01-07T20:11:57","slug":"croacia-acogio-el-foro-europeo-del-seguro-contra-los-accidentes-de-trabajo-y-las-enfermedades-profesionales","status":"publish","type":"news","link":"https:\/\/p4h.world\/es\/news\/croacia-acogio-el-foro-europeo-del-seguro-contra-los-accidentes-de-trabajo-y-las-enfermedades-profesionales\/","title":{"rendered":"Croacia acogi\u00f3 el Foro Europeo del Seguro contra los Accidentes de Trabajo y las Enfermedades Profesionales"},"content":{"rendered":"<p>[et_pb_section fb_built=&#8221;1&#8243; admin_label=&#8221;\u00a1\u00a1\u00a1POR FAVOR NO EDITES !!! &#8221; _builder_version=&#8221;4.19.5&#8243; _module_preset=&#8221;default&#8221; global_colors_info=&#8221;{}&#8221;][et_pb_row admin_label=&#8221;!!! PLEASE DO NOT EDIT !!!&#8221; _builder_version=&#8221;4.19.5&#8243; _module_preset=&#8221;default&#8221; global_colors_info=&#8221;{}&#8221;][et_pb_column type=&#8221;4_4&#8243; _builder_version=&#8221;4.19.5&#8243; _module_preset=&#8221;default&#8221; global_colors_info=&#8221;{}&#8221;][et_pb_text admin_label=&#8221;TO BE EDITED &#8211; SUMMARY &#8211; Click on the WHEEL icon to open the textarea where you can paste or type your summary. The summary condenses the main points for the news that starts below. The summary is in bold and not longer than 300 characters, including spaces. The counter at the bottom can help.&#8221; _builder_version=&#8221;4.21.0&#8243; _module_preset=&#8221;default&#8221; custom_padding=&#8221;||20px||false|false&#8221; global_colors_info=&#8221;{}&#8221;]<\/p>\n<p><strong>El Instituto Croata del Seguro de Enfermedad y el Instituto Croata del Seguro de Pensiones acogieron el Foro Europeo del Seguro de Accidentes de Trabajo y Enfermedades Profesionales del 4 al 6 de junio de 2024, en Zagreb, Croacia. La conferencia llevaba por t\u00edtulo &#8220;\u00a1Prep\u00e1rate para la Era Digital!&#8221;. <\/strong><\/p>\n<p>[\/et_pb_text][et_pb_text admin_label=&#8221;TO BE EDITED &#8211; TEXT OF THE NEWS &#8211; BLOCK 1 &#8211; Click on the WHEEL icon to open the textarea where you can paste or type your news. PLEASE USE ONLY THE FEATURED IMAGE FUNCTION on your right column to add the image.&#8221; _builder_version=&#8221;4.21.0&#8243; _module_preset=&#8221;default&#8221; custom_padding=&#8221;||1em||false|false&#8221; global_colors_info=&#8221;{}&#8221;]<\/p>\n<p>Seg\u00fan inform\u00f3 <a href=\"https:\/\/hzzo.hr\/novosti\/hzzo\/odrzan-europski-forum-za-osiguranje-od-ozljeda-na-radu-i-profesionalnih-bolesti\">aqu\u00ed<\/a> el <strong>Instituto Croata del Seguro de Enfermedad (HZZO<\/strong> ), la conferencia incluy\u00f3 ponencias tem\u00e1ticas y debates interactivos sobre los retos y oportunidades que plantea la transformaci\u00f3n digital en el \u00e1mbito del seguro de accidentes de trabajo y enfermedades profesionales.<\/p>\n<p>Croacia preside desde hace un a\u00f1o el Foro Europeo del Seguro de Accidentes de Trabajo y Enfermedades Profesionales. La conferencia fue un acontecimiento clave para el intercambio de experiencias y conocimientos de expertos de toda Europa, que abri\u00f3 nuevas cuestiones y oportunidades para el futuro desarrollo del seguro de accidentes de trabajo y enfermedades profesionales en la era digital. El evento, de tres d\u00edas de duraci\u00f3n, comenz\u00f3 con reuniones de grupos de trabajo en las que se trataron los temas de la comunicaci\u00f3n, la digitalizaci\u00f3n, la legislaci\u00f3n y las enfermedades profesionales. El segundo d\u00eda de la conferencia del Foro Europeo, el 5 de junio, continu\u00f3 con presentaciones y mesas redondas sobre la digitalizaci\u00f3n en la asistencia sanitaria, los retos de la ciberseguridad, la digitalizaci\u00f3n en los sistemas de seguridad social y las nuevas formas de trabajo creadas por el desarrollo de las tecnolog\u00edas digitales. Puedes encontrar m\u00e1s detalles sobre este evento en el <a href=\"https:\/\/efzagreb2024.mirovinsko.hr\/about-the-forum\/6\">sitio web del foro<\/a>.    <\/p>\n<blockquote>\n<p><em><a href=\"https:\/\/translate.google.com\/website?sl=hr&amp;tl=en&amp;hl=ru&amp;client=webapp&amp;u=https:\/\/www.europeanforum.org\/\">El Foro Europeo del<\/a> Seguro contra Accidentes de Trabajo y Enfermedades Profesionales es una asociaci\u00f3n europea independiente de instituciones europeas p\u00fablicas y privadas activas en el \u00e1mbito del seguro contra accidentes de trabajo y enfermedades profesionales, con el objetivo de intercambiar informaci\u00f3n y fomentar la cooperaci\u00f3n mutua. El Instituto Croata del Seguro de Enfermedad se uni\u00f3 a las actividades del Foro Europeo del Seguro de Accidentes de Trabajo y Enfermedades Profesionales y se convirti\u00f3 en su miembro activo en septiembre de 2015. En la Asamblea General del Foro Europeo, celebrada el 9 de septiembre de 2015 en Viena, se presentaron las actividades del Instituto Croata del Seguro de Enfermedad como nuevo miembro de esta organizaci\u00f3n europea y se firm\u00f3 el Estatuto del Foro Europeo en el sentido de aceptar sus principios, objetivos y m\u00e9todos de trabajo.  <\/em><\/p>\n<\/blockquote>\n<p>[\/et_pb_text][et_pb_text admin_label=&#8221;TO BE EDITED &#8211; TEXT OF THE NEWS &#8211; BLOCK 2 &#8211; Click on the WHEEL icon to open the textarea where you can paste or type your news. PLEASE USE ONLY THE FEATURED IMAGE FUNCTION on your right column to add the image.&#8221; _builder_version=&#8221;4.21.0&#8243; _module_preset=&#8221;default&#8221; global_colors_info=&#8221;{}&#8221;][\/et_pb_text][\/et_pb_column][\/et_pb_row][\/et_pb_section]<\/p>\n","protected":false},"excerpt":{"rendered":"<p>El Instituto Croata del Seguro de Enfermedad y el Instituto Croata del Seguro de Pensiones acogieron el Foro Europeo del Seguro de Accidentes de Trabajo y Enfermedades Profesionales del 4 al 6 de junio de 2024, en Zagreb, Croacia. La conferencia llevaba por t\u00edtulo &#8220;\u00a1Prep\u00e1rate para la Era Digital!&#8221;. Seg\u00fan inform\u00f3 aqu\u00ed el Instituto Croata&#8230;<\/p>\n","protected":false},"author":137,"featured_media":987738839,"comment_status":"closed","ping_status":"closed","template":"","meta":{"_et_pb_use_builder":"on","_et_pb_old_content":"","_et_gb_content_width":""},"categories":[],"tags":[2374,2635,2455],"acf":[],"_links":{"self":[{"href":"https:\/\/p4h.world\/es\/wp-json\/wp\/v2\/news\/987738850"}],"collection":[{"href":"https:\/\/p4h.world\/es\/wp-json\/wp\/v2\/news"}],"about":[{"href":"https:\/\/p4h.world\/es\/wp-json\/wp\/v2\/types\/news"}],"author":[{"embeddable":true,"href":"https:\/\/p4h.world\/es\/wp-json\/wp\/v2\/users\/137"}],"replies":[{"embeddable":true,"href":"https:\/\/p4h.world\/es\/wp-json\/wp\/v2\/comments?post=987738850"}],"version-history":[{"count":4,"href":"https:\/\/p4h.world\/es\/wp-json\/wp\/v2\/news\/987738850\/revisions"}],"predecessor-version":[{"id":987738860,"href":"https:\/\/p4h.world\/es\/wp-json\/wp\/v2\/news\/987738850\/revisions\/987738860"}],"wp:featuredmedia":[{"embeddable":true,"href":"https:\/\/p4h.world\/es\/wp-json\/wp\/v2\/media\/987738839"}],"wp:attachment":[{"href":"https:\/\/p4h.world\/es\/wp-json\/wp\/v2\/media?parent=987738850"}],"wp:term":[{"taxonomy":"category","embeddable":true,"href":"https:\/\/p4h.world\/es\/wp-json\/wp\/v2\/categories?post=987738850"},{"taxonomy":"post_tag","embeddable":true,"href":"https:\/\/p4h.world\/es\/wp-json\/wp\/v2\/tags?post=987738850"}],"curies":[{"name":"wp","href":"https:\/\/api.w.org\/{rel}","templated":true}]}}