{"id":987755749,"date":"2024-03-01T20:28:59","date_gmt":"2024-03-01T19:28:59","guid":{"rendered":"https:\/\/p4h.world\/?post_type=news&#038;p=987755749"},"modified":"2025-02-17T02:43:53","modified_gmt":"2025-02-17T01:43:53","slug":"polonia-amplio-el-acceso-a-los-servicios-de-atencion-primaria","status":"publish","type":"news","link":"https:\/\/p4h.world\/es\/news\/polonia-amplio-el-acceso-a-los-servicios-de-atencion-primaria\/","title":{"rendered":"Polonia ampli\u00f3 el acceso a los servicios de atenci\u00f3n primaria"},"content":{"rendered":"<p>[et_pb_section fb_built=&#8221;1&#8243; admin_label=&#8221;\u00a1\u00a1\u00a1!!! \u00a1\u00a1\u00a1POR FAVOR NO EDITAR !!! &#8221; _builder_version=&#8221;4.19.5&#8243; _module_preset=&#8221;default&#8221; global_colors_info=&#8221;{}&#8221;][et_pb_row admin_label=&#8221;!!! PLEASE DO NOT EDIT !!!&#8221; _builder_version=&#8221;4.19.5&#8243; _module_preset=&#8221;default&#8221; global_colors_info=&#8221;{}&#8221;][et_pb_column type=&#8221;4_4&#8243; _builder_version=&#8221;4.19.5&#8243; _module_preset=&#8221;default&#8221; global_colors_info=&#8221;{}&#8221;][et_pb_text admin_label=&#8221;TO BE EDITED &#8211; SUMMARY &#8211; Click on the WHEEL icon to open the textarea where you can paste or type your summary. The summary condenses the main points for the news that starts below. The summary is in bold and not longer than 300 characters, including spaces. The counter at the bottom can help.&#8221; _builder_version=&#8221;4.21.0&#8243; _module_preset=&#8221;default&#8221; custom_padding=&#8221;||20px||false|false&#8221; global_colors_info=&#8221;{}&#8221;]<\/p>\n<p><strong>A partir del 1 de noviembre de 2023, los servicios de atenci\u00f3n primaria se ampl\u00edan en virtud de una nueva normativa (Diario de Leyes 2023, punto 2226). Los pacientes con prediabetes, hipertiroidismo y enfermedad renal cr\u00f3nica tienen acceso a una atenci\u00f3n coordinada, que incluye pruebas de UACR, consultas a especialistas, asesoramiento educativo y apoyo diet\u00e9tico. <\/strong><\/p>\n<p>[\/et_pb_text][et_pb_text admin_label=&#8221;TO BE EDITED &#8211; TEXT OF THE NEWS &#8211; BLOCK 1 &#8211; Click on the WHEEL icon to open the textarea where you can paste or type your news. PLEASE USE ONLY THE FEATURED IMAGE FUNCTION on your right column to add the image.&#8221; _builder_version=&#8221;4.21.0&#8243; _module_preset=&#8221;default&#8221; custom_padding=&#8221;||1em||false|false&#8221; global_colors_info=&#8221;{}&#8221;]<\/p>\n<p>El Ministerio de Sanidad anuncia la aplicaci\u00f3n de importantes cambios en los servicios de atenci\u00f3n primaria de salud (APS) a partir <strong>del 1 de noviembre de 2023<\/strong>. Estas actualizaciones, recogidas en el <strong>Reglamento del Ministro de Sanidad de 9 de octubre de 2023<\/strong> (Diario de Leyes de 2023, punto 2226), tienen como objetivo ampliar la atenci\u00f3n coordinada y mejorar el acceso a los servicios de diagn\u00f3stico para los pacientes de diversas especialidades m\u00e9dicas. <\/p>\n<p>Se est\u00e1 ampliando el alcance de la atenci\u00f3n coordinada para incluir nuevas categor\u00edas de pacientes, garantizando que m\u00e1s personas se beneficien de una atenci\u00f3n oportuna e integral. En <strong>diabetolog\u00eda<\/strong>, los pacientes con prediabetes recibir\u00e1n servicios mejorados, mientras que en <strong>endocrinolog\u00eda<\/strong>, los pacientes diagnosticados de hipertiroidismo tendr\u00e1n mayor acceso a la atenci\u00f3n coordinada. Adem\u00e1s, se ha establecido una nueva \u00e1rea de atenci\u00f3n coordinada para el <strong>diagn\u00f3stico y tratamiento de la enfermedad renal cr\u00f3nica<\/strong>. Con este programa, los pacientes tendr\u00e1n acceso a:   <\/p>\n<ul>\n<li>Asesoramiento m\u00e9dico completo<\/li>\n<li>Pruebas diagn\u00f3sticas UACR (relaci\u00f3n alb\u00famina\/creatinina en orina)<\/li>\n<li>Consultas especializadas<\/li>\n<li>Asesoramiento educativo y diet\u00e9tico<\/li>\n<\/ul>\n<p>Estas medidas pretenden mejorar la detecci\u00f3n precoz, la planificaci\u00f3n del tratamiento y la gesti\u00f3n de la enfermedad a largo plazo.<\/p>\n<p>Los m\u00e9dicos de atenci\u00f3n primaria estar\u00e1n ahora autorizados a realizar una gama m\u00e1s amplia de pruebas diagn\u00f3sticas para agilizar el proceso asistencial. Los m\u00e9dicos que presten servicios <strong>de atenci\u00f3n nocturna y en d\u00edas festivos<\/strong> estar\u00e1n autorizados a remitir pacientes para pruebas de laboratorio. <\/p>\n<p>Adem\u00e1s, ahora los m\u00e9dicos de familia pueden solicitar un conjunto ampliado de <strong>pruebas de alergia<\/strong>, lo que agiliza el proceso de diagn\u00f3stico. Los pacientes con sospecha de alergia ya no tendr\u00e1n que esperar a que los derive un especialista, lo que reducir\u00e1 los retrasos en el diagn\u00f3stico y el tratamiento. Si los resultados de las pruebas son negativos, los m\u00e9dicos de familia podr\u00e1n investigar r\u00e1pidamente las causas alternativas de los s\u00edntomas, lo que facilitar\u00e1 una v\u00eda diagn\u00f3stica m\u00e1s eficiente y mejorar\u00e1 la eficacia del tratamiento.  <\/p>\n<p>Estos cambios se establecen en el <strong>Reglamento del Ministro de Sanidad de 9 de octubre de 2023<\/strong>, relativo a las prestaciones garantizadas en la asistencia sanitaria primaria (Diario de Leyes de 2023, punto 2226).<\/p>\n<p>Esta iniciativa refleja el compromiso del Ministerio de mejorar el acceso a la atenci\u00f3n sanitaria, promover el diagn\u00f3stico precoz y mejorar la<strong> calidad de la atenci\u00f3n<\/strong> prestada en <strong>el sistema de atenci\u00f3n primaria.<\/strong><\/p>\n<p>[\/et_pb_text][et_pb_text admin_label=&#8221;TO BE EDITED &#8211; TEXT OF THE NEWS &#8211; BLOCK 2 &#8211; Click on the WHEEL icon to open the textarea where you can paste or type your news. PLEASE USE ONLY THE FEATURED IMAGE FUNCTION on your right column to add the image.&#8221; _builder_version=&#8221;4.21.0&#8243; _module_preset=&#8221;default&#8221; global_colors_info=&#8221;{}&#8221;][\/et_pb_text][\/et_pb_column][\/et_pb_row][\/et_pb_section]<\/p>\n","protected":false},"excerpt":{"rendered":"<p>A partir del 1 de noviembre de 2023, los servicios de atenci\u00f3n primaria se ampl\u00edan en virtud de una nueva normativa (Diario de Leyes 2023, punto 2226). Los pacientes con prediabetes, hipertiroidismo y enfermedad renal cr\u00f3nica tienen acceso a una atenci\u00f3n coordinada, que incluye pruebas de UACR, consultas a especialistas, asesoramiento educativo y apoyo diet\u00e9tico&#8230;.<\/p>\n","protected":false},"author":137,"featured_media":987755844,"comment_status":"closed","ping_status":"closed","template":"","meta":{"_et_pb_use_builder":"on","_et_pb_old_content":"","_et_gb_content_width":""},"categories":[],"tags":[2474,2373,2455],"acf":[],"_links":{"self":[{"href":"https:\/\/p4h.world\/es\/wp-json\/wp\/v2\/news\/987755749"}],"collection":[{"href":"https:\/\/p4h.world\/es\/wp-json\/wp\/v2\/news"}],"about":[{"href":"https:\/\/p4h.world\/es\/wp-json\/wp\/v2\/types\/news"}],"author":[{"embeddable":true,"href":"https:\/\/p4h.world\/es\/wp-json\/wp\/v2\/users\/137"}],"replies":[{"embeddable":true,"href":"https:\/\/p4h.world\/es\/wp-json\/wp\/v2\/comments?post=987755749"}],"version-history":[{"count":20,"href":"https:\/\/p4h.world\/es\/wp-json\/wp\/v2\/news\/987755749\/revisions"}],"predecessor-version":[{"id":987758231,"href":"https:\/\/p4h.world\/es\/wp-json\/wp\/v2\/news\/987755749\/revisions\/987758231"}],"wp:featuredmedia":[{"embeddable":true,"href":"https:\/\/p4h.world\/es\/wp-json\/wp\/v2\/media\/987755844"}],"wp:attachment":[{"href":"https:\/\/p4h.world\/es\/wp-json\/wp\/v2\/media?parent=987755749"}],"wp:term":[{"taxonomy":"category","embeddable":true,"href":"https:\/\/p4h.world\/es\/wp-json\/wp\/v2\/categories?post=987755749"},{"taxonomy":"post_tag","embeddable":true,"href":"https:\/\/p4h.world\/es\/wp-json\/wp\/v2\/tags?post=987755749"}],"curies":[{"name":"wp","href":"https:\/\/api.w.org\/{rel}","templated":true}]}}