{"id":987768560,"date":"2025-03-23T03:58:36","date_gmt":"2025-03-23T02:58:36","guid":{"rendered":"https:\/\/p4h.world\/?post_type=news&#038;p=987768560"},"modified":"2025-04-23T05:57:02","modified_gmt":"2025-04-23T04:57:02","slug":"cinco-anos-despues-del-cierre-de-covid-un-ex-consejero-sanitario-suizo-recuerda-la-crisis","status":"publish","type":"news","link":"https:\/\/p4h.world\/es\/news\/cinco-anos-despues-del-cierre-de-covid-un-ex-consejero-sanitario-suizo-recuerda-la-crisis\/","title":{"rendered":"Cinco a\u00f1os despu\u00e9s del cierre de Covid, un ex consejero sanitario suizo recuerda la crisis"},"content":{"rendered":"<p>[et_pb_section fb_built=&#8221;1&#8243; admin_label=&#8221;\u00a1\u00a1\u00a1!!! \u00a1\u00a1\u00a1POR FAVOR NO EDITAR !!! &#8221; _builder_version=&#8221;4.19.5&#8243; _module_preset=&#8221;default&#8221; global_colors_info=&#8221;{}&#8221;][et_pb_row admin_label=&#8221;!!! PLEASE DO NOT EDIT !!!&#8221; _builder_version=&#8221;4.19.5&#8243; _module_preset=&#8221;default&#8221; global_colors_info=&#8221;{}&#8221;][et_pb_column type=&#8221;4_4&#8243; _builder_version=&#8221;4.19.5&#8243; _module_preset=&#8221;default&#8221; global_colors_info=&#8221;{}&#8221;][et_pb_text admin_label=&#8221;TO BE EDITED &#8211; SUMMARY &#8211; Click on the WHEEL icon to open the textarea where you can paste or type your summary. The summary condenses the main points for the news that starts below. The summary is in bold and not longer than 300 characters, including spaces. The counter at the bottom can help.&#8221; _builder_version=&#8221;4.21.0&#8243; _module_preset=&#8221;default&#8221; custom_padding=&#8221;||20px||false|false&#8221; hover_enabled=&#8221;0&#8243; global_colors_info=&#8221;{}&#8221; sticky_enabled=&#8221;0&#8243;]<\/p>\n<p style=\"font-weight: 400;\"><strong>Daniel Koch, ex jefe de enfermedades transmisibles de la Oficina Federal de Salud P\u00fablica, recuerda el papel clave desempe\u00f1ado por el gobierno suizo durante la crisis del Covid-19, cinco a\u00f1os despu\u00e9s de que se declarara por primera vez el bloqueo en Suiza.<\/strong><\/p>\n<p>[\/et_pb_text][et_pb_text admin_label=&#8221;TO BE EDITED &#8211; TEXT OF THE NEWS &#8211; BLOCK 1 &#8211; Click on the WHEEL icon to open the textarea where you can paste or type your news. PLEASE USE ONLY THE FEATURED IMAGE FUNCTION on your right column to add the image.&#8221; _builder_version=&#8221;4.21.0&#8243; _module_preset=&#8221;default&#8221; custom_padding=&#8221;||1em||false|false&#8221; global_colors_info=&#8221;{}&#8221;]<\/p>\n<p>En enero de 2020, los funcionarios del gobierno empezaron a prepararse para lo que se convertir\u00eda en una pandemia mundial, pero la dura realidad de la poblaci\u00f3n empez\u00f3 el 16 de marzo, cuando el Consejo Federal Suizo invoc\u00f3 poderes de emergencia. Se declar\u00f3 el estado de emergencia extraordinaria, prohibiendo todos los actos, permitiendo que s\u00f3lo permanecieran abiertos los comercios esenciales y aconsejando a la gente que se quedara en casa y mantuviera las distancias con los dem\u00e1s. <\/p>\n<p>Koch, al que llaman &#8220;Sr. Coronavirus&#8221;, se\u00f1al\u00f3 que, aunque las medidas eran estrictas, se trataba m\u00e1s de recomendaciones que de prohibiciones totales. La decisi\u00f3n de un bloqueo surgi\u00f3 de un extenso trabajo preparatorio, pero se tom\u00f3 r\u00e1pidamente. Koch elogi\u00f3 al Consejo Federal por su decidida y eficaz transformaci\u00f3n de las operaciones, ya que se reun\u00edan hasta cinco veces por semana con diversos departamentos implicados. El Ministerio de Defensa moviliz\u00f3 a casi 8.000 militares, el Ministerio de Asuntos Exteriores ejecut\u00f3 una operaci\u00f3n de repatriaci\u00f3n a gran escala y el Ministerio de Finanzas asign\u00f3 miles de millones para apoyar la econom\u00eda.   <\/p>\n<p>Sin embargo, la gesti\u00f3n de la crisis se enfrent\u00f3 a dificultades, sobre todo en lo relativo a las residencias de ancianos. Koch reconoci\u00f3 errores importantes en la forma de gestionar la situaci\u00f3n, concretamente las recomendaciones generales que llevaron a restringir totalmente las visitas. Esto dej\u00f3 a los residentes aislados sin su consentimiento.  <\/p>\n<p>Durante toda la fase inicial de la pandemia, Koch actu\u00f3 como asesor experto del Consejo Federal, y se jubil\u00f3 en mayo de 2020. Sus reflexiones destacan tanto la r\u00e1pida respuesta a la crisis como la importancia de tener en cuenta las necesidades de las poblaciones vulnerables durante las emergencias. <\/p>\n<p>[\/et_pb_text][et_pb_text admin_label=&#8221;TO BE EDITED &#8211; TEXT OF THE NEWS &#8211; BLOCK 2 &#8211; Click on the WHEEL icon to open the textarea where you can paste or type your news. PLEASE USE ONLY THE FEATURED IMAGE FUNCTION on your right column to add the image.&#8221; _builder_version=&#8221;4.21.0&#8243; _module_preset=&#8221;default&#8221; global_colors_info=&#8221;{}&#8221;][\/et_pb_text][\/et_pb_column][\/et_pb_row][\/et_pb_section]<\/p>\n","protected":false},"excerpt":{"rendered":"<p>Daniel Koch, ex jefe de enfermedades transmisibles de la Oficina Federal de Salud P\u00fablica, recuerda el papel clave desempe\u00f1ado por el gobierno suizo durante la crisis del Covid-19, cinco a\u00f1os despu\u00e9s de que se declarara por primera vez el bloqueo en Suiza.En enero de 2020, los funcionarios del gobierno empezaron a prepararse para lo que&#8230;<\/p>\n","protected":false},"author":2098,"featured_media":987768549,"comment_status":"closed","ping_status":"closed","template":"","meta":{"_et_pb_use_builder":"on","_et_pb_old_content":"","_et_gb_content_width":""},"categories":[],"tags":[2452,2434],"acf":[],"_links":{"self":[{"href":"https:\/\/p4h.world\/es\/wp-json\/wp\/v2\/news\/987768560"}],"collection":[{"href":"https:\/\/p4h.world\/es\/wp-json\/wp\/v2\/news"}],"about":[{"href":"https:\/\/p4h.world\/es\/wp-json\/wp\/v2\/types\/news"}],"author":[{"embeddable":true,"href":"https:\/\/p4h.world\/es\/wp-json\/wp\/v2\/users\/2098"}],"replies":[{"embeddable":true,"href":"https:\/\/p4h.world\/es\/wp-json\/wp\/v2\/comments?post=987768560"}],"version-history":[{"count":6,"href":"https:\/\/p4h.world\/es\/wp-json\/wp\/v2\/news\/987768560\/revisions"}],"predecessor-version":[{"id":987768598,"href":"https:\/\/p4h.world\/es\/wp-json\/wp\/v2\/news\/987768560\/revisions\/987768598"}],"wp:featuredmedia":[{"embeddable":true,"href":"https:\/\/p4h.world\/es\/wp-json\/wp\/v2\/media\/987768549"}],"wp:attachment":[{"href":"https:\/\/p4h.world\/es\/wp-json\/wp\/v2\/media?parent=987768560"}],"wp:term":[{"taxonomy":"category","embeddable":true,"href":"https:\/\/p4h.world\/es\/wp-json\/wp\/v2\/categories?post=987768560"},{"taxonomy":"post_tag","embeddable":true,"href":"https:\/\/p4h.world\/es\/wp-json\/wp\/v2\/tags?post=987768560"}],"curies":[{"name":"wp","href":"https:\/\/api.w.org\/{rel}","templated":true}]}}