{"id":987789639,"date":"2025-10-25T14:19:45","date_gmt":"2025-10-25T13:19:45","guid":{"rendered":"https:\/\/p4h.world\/?post_type=news&#038;p=987789639"},"modified":"2025-10-29T06:01:08","modified_gmt":"2025-10-29T05:01:08","slug":"movilizar-recursos-para-la-asistencia-un-enfoque-holistico-para-financiar-los-servicios-universales-de-asistencia-en-albania","status":"publish","type":"news","link":"https:\/\/p4h.world\/es\/news\/movilizar-recursos-para-la-asistencia-un-enfoque-holistico-para-financiar-los-servicios-universales-de-asistencia-en-albania\/","title":{"rendered":"Movilizar recursos para la asistencia: Un enfoque hol\u00edstico para financiar los servicios universales de asistencia en Albania"},"content":{"rendered":"<p>[et_pb_section fb_built=&#8221;1&#8243; admin_label=&#8221;\u00a1\u00a1\u00a1!!! \u00a1\u00a1\u00a1POR FAVOR NO EDITES !!! &#8221; _builder_version=&#8221;4.19.5&#8243; _module_preset=&#8221;default&#8221; global_colors_info=&#8221;{}&#8221;][et_pb_row admin_label=&#8221;!!! PLEASE DO NOT EDIT !!!&#8221; _builder_version=&#8221;4.19.5&#8243; _module_preset=&#8221;default&#8221; global_colors_info=&#8221;{}&#8221;][et_pb_column type=&#8221;4_4&#8243; _builder_version=&#8221;4.19.5&#8243; _module_preset=&#8221;default&#8221; global_colors_info=&#8221;{}&#8221;][et_pb_text admin_label=&#8221;TO BE EDITED &#8211; SUMMARY &#8211; Click on the WHEEL icon to open the textarea where you can paste or type your summary. The summary condenses the main points for the news that starts below. The summary is in bold and not longer than 300 characters, including spaces. The counter at the bottom can help.&#8221; _builder_version=&#8221;4.21.0&#8243; _module_preset=&#8221;default&#8221; custom_padding=&#8221;||20px||false|false&#8221; global_colors_info=&#8221;{}&#8221;]<\/p>\n<div class=\"prose dark:prose-invert inline leading-relaxed break-words min-w-0 [word-break:break-word] prose-strong:font-medium\">\n<p class=\"my-2 [&amp;+p]:mt-4 [&amp;_strong:has(+br)]:inline-block [&amp;_strong:has(+br)]:pb-2\"><strong>La brecha de g\u00e9nero en el empleo de Albania se debe en gran medida a las responsabilidades de cuidados no remunerados de las mujeres, a pesar de los avances en educaci\u00f3n e igualdad. Ampliar y formalizar la econom\u00eda del cuidado podr\u00eda impulsar el crecimiento, el empleo y los ingresos. Su financiaci\u00f3n requiere reformas fiscales, reducci\u00f3n de la informalidad, Presupuestos Sensibles al G\u00e9nero, capacitaci\u00f3n del gobierno local y asociaciones con instituciones privadas, comunitarias y donantes para garantizar una inversi\u00f3n sostenible.  <\/strong><\/p>\n<\/div>\n<p>[\/et_pb_text][et_pb_text admin_label=&#8221;TO BE EDITED &#8211; TEXT OF THE NEWS &#8211; BLOCK 1 &#8211; Click on the WHEEL icon to open the textarea where you can paste or type your news. PLEASE USE ONLY THE FEATURED IMAGE FUNCTION on your right column to add the image.&#8221; _builder_version=&#8221;4.21.0&#8243; _module_preset=&#8221;default&#8221; custom_padding=&#8221;||1em||false|false&#8221; global_colors_info=&#8221;{}&#8221;]<\/p>\n<div class=\"prose dark:prose-invert inline leading-relaxed break-words min-w-0 [word-break:break-word] prose-strong:font-medium\">\n<p class=\"my-2 [&amp;+p]:mt-4 [&amp;_strong:has(+br)]:inline-block [&amp;_strong:has(+br)]:pb-2\">Albania ha progresado notablemente en la promoci\u00f3n de la igualdad de g\u00e9nero mediante avances en educaci\u00f3n, pol\u00edtica, sanidad y participaci\u00f3n econ\u00f3mica, pero las persistentes diferencias en el mercado laboral siguen limitando las oportunidades de las mujeres. A pesar del creciente nivel educativo de las mujeres, su participaci\u00f3n en la poblaci\u00f3n activa sigue siendo inferior a la de los hombres, en gran parte debido a la carga desproporcionada del trabajo de cuidados no remunerado. Las mujeres, sobre todo las que tienen hijos peque\u00f1os, siguen siendo las principales proveedoras de trabajo dom\u00e9stico y de cuidados no remunerado, lo que impide a muchas dedicarse plenamente al empleo formal. Esto limita tanto la igualdad de g\u00e9nero como el potencial de crecimiento econ\u00f3mico en una poblaci\u00f3n que envejece y emigra cada vez m\u00e1s. Las estimaciones muestran que reducir las disparidades de g\u00e9nero en el empleo podr\u00eda aumentar el PIB per c\u00e1pita en un 12%, lo que subraya la importancia econ\u00f3mica de los cuidados como prioridad tanto social como de desarrollo.    <\/p>\n<p class=\"my-2 [&amp;+p]:mt-4 [&amp;_strong:has(+br)]:inline-block [&amp;_strong:has(+br)]:pb-2\">El trabajo de cuidados no remunerado en Albania es inmenso, equivalente a m\u00e1s de 1,3 millones de empleos a tiempo completo, y las mujeres realizan el 86% de esta labor. Este sector invisible representa casi el 90% del total de la econom\u00eda del cuidado, mientras que el sector formal o &#8220;visible&#8221; -educaci\u00f3n, sanidad y servicios dom\u00e9sticos- representa el resto. Valorado monetariamente, el trabajo no remunerado representa m\u00e1s de la mitad del PIB ampliado del pa\u00eds. Combinado, el trabajo de cuidados formal e informal contribuye en torno al 61% a la econom\u00eda nacional, pero sigue sin ser reconocido en gran medida en la pol\u00edtica fiscal y la planificaci\u00f3n. Ampliar y formalizar la econom\u00eda de los cuidados ofrece un potencial inmenso: el acceso universal a los servicios de cuidados podr\u00eda crear miles de puestos de trabajo, sobre todo en la atenci\u00f3n a la primera infancia y a los ancianos, al tiempo que reforzar\u00eda los ingresos fiscales, las cotizaciones a la seguridad social y el sistema de pensiones.    <\/p>\n<p class=\"my-2 [&amp;+p]:mt-4 [&amp;_strong:has(+br)]:inline-block [&amp;_strong:has(+br)]:pb-2\">Sin embargo, la financiaci\u00f3n de esta transformaci\u00f3n es un reto importante. La estructura fiscal de Albania se ve limitada por un bajo coeficiente impuestos\/PIB del 17,8%, muy por debajo de la media de la UE. El sistema fiscal adolece de fragmentaci\u00f3n, numerosas exenciones y una informalidad generalizada. El impuesto sobre el valor a\u00f1adido (IVA) representa casi la mitad de los ingresos fiscales totales, seguido de los impuestos de sociedades y sobre la renta de las personas f\u00edsicas, los impuestos especiales y los impuestos nacionales. La eliminaci\u00f3n de las exenciones ineficaces del IVA, la reducci\u00f3n de la informalidad y la introducci\u00f3n de impuestos sobre la propiedad y el carbono podr\u00edan ampliar el espacio fiscal de Albania hasta un 5,5% del PIB. Un sistema fiscal m\u00e1s transparente, equitativo y progresivo mejorar\u00eda la movilizaci\u00f3n de los ingresos y reforzar\u00eda la base de las inversiones en servicios asistenciales.     <\/p>\n<p class=\"my-2 [&amp;+p]:mt-4 [&amp;_strong:has(+br)]:inline-block [&amp;_strong:has(+br)]:pb-2\">Las estrategias de financiaci\u00f3n de la econom\u00eda asistencial deben basarse en m\u00faltiples enfoques. La reasignaci\u00f3n del gasto hacia la sanidad, la educaci\u00f3n y los servicios sociales, al tiempo que se frenan las ineficiencias, puede liberar recursos nacionales. El gasto actual en protecci\u00f3n social est\u00e1 fuertemente dominado por las pensiones, lo que deja poco margen para invertir en infraestructuras de cuidados. Los gobiernos locales carecen tambi\u00e9n de partidas presupuestarias espec\u00edficas para la atenci\u00f3n a la primera infancia, lo que restringe la cobertura a los ni\u00f1os menores de tres a\u00f1os. Ampliar las f\u00f3rmulas de financiaci\u00f3n para incluir las guarder\u00edas y destinar los recursos a las zonas con baja cobertura de servicios ayudar\u00eda a abordar las desigualdades.    <\/p>\n<p class=\"my-2 [&amp;+p]:mt-4 [&amp;_strong:has(+br)]:inline-block [&amp;_strong:has(+br)]:pb-2\">Los Presupuestos Sensibles al G\u00e9nero (PSG) ofrecen otra v\u00eda para priorizar las inversiones en cuidados, tanto a nivel nacional como local, garantizando que los presupuestos reflejen los impactos y resultados de g\u00e9nero. Reforzar los PSG junto con la reforma del impuesto sobre bienes inmuebles podr\u00eda aumentar la autonom\u00eda fiscal de los municipios, permitiendo una financiaci\u00f3n local m\u00e1s sostenible. Las asociaciones con el sector privado y la sociedad civil pueden ampliar a\u00fan m\u00e1s la prestaci\u00f3n de cuidados. Las asociaciones p\u00fablico-privadas bien dise\u00f1adas pueden movilizar capital y experiencia para las guarder\u00edas y las residencias de ancianos, siempre que incluyan garant\u00edas de asequibilidad, transparencia y calidad. Del mismo modo, las asociaciones comunitarias y de ONG pueden colmar las lagunas de servicios en zonas rurales o desatendidas, mejorando la inclusividad y la sostenibilidad.    <\/p>\n<p class=\"my-2 [&amp;+p]:mt-4 [&amp;_strong:has(+br)]:inline-block [&amp;_strong:has(+br)]:pb-2\">A medida que Albania se acerca a la adhesi\u00f3n a la UE, las oportunidades de financiaci\u00f3n internacional de programas como el IPA III, el FSE y EU4Employment pueden apoyar las inversiones en la econom\u00eda del cuidado. Las contribuciones progresivas de los padres y las subvenciones espec\u00edficas tambi\u00e9n podr\u00edan promover un acceso equitativo entre los distintos grupos de ingresos. Invertir en servicios de cuidados no es s\u00f3lo una cuesti\u00f3n de equidad de g\u00e9nero, sino tambi\u00e9n de estrategia econ\u00f3mica. Reestructurando la fiscalidad, mejorando la gobernanza y diversificando la financiaci\u00f3n a trav\u00e9s de canales p\u00fablicos, privados y comunitarios, Albania puede construir un sistema de cuidados sostenible que apoye el empleo de las mujeres, fortalezca a las familias y contribuya a un crecimiento nacional integrador.   <\/p>\n<\/div>\n<p>[\/et_pb_text][et_pb_text admin_label=&#8221;TO BE EDITED &#8211; TEXT OF THE NEWS &#8211; BLOCK 2 &#8211; Click on the WHEEL icon to open the textarea where you can paste or type your news. PLEASE USE ONLY THE FEATURED IMAGE FUNCTION on your right column to add the image.&#8221; _builder_version=&#8221;4.21.0&#8243; _module_preset=&#8221;default&#8221; global_colors_info=&#8221;{}&#8221;][\/et_pb_text][\/et_pb_column][\/et_pb_row][\/et_pb_section]<\/p>\n","protected":false},"excerpt":{"rendered":"<p>La brecha de g\u00e9nero en el empleo de Albania se debe en gran medida a las responsabilidades de cuidados no remunerados de las mujeres, a pesar de los avances en educaci\u00f3n e igualdad. Ampliar y formalizar la econom\u00eda del cuidado podr\u00eda impulsar el crecimiento, el empleo y los ingresos. Su financiaci\u00f3n requiere reformas fiscales, reducci\u00f3n&#8230;<\/p>\n","protected":false},"author":2098,"featured_media":987789629,"comment_status":"closed","ping_status":"closed","template":"","meta":{"_et_pb_use_builder":"on","_et_pb_old_content":"","_et_gb_content_width":""},"categories":[],"tags":[2435,2475,3063],"acf":[],"_links":{"self":[{"href":"https:\/\/p4h.world\/es\/wp-json\/wp\/v2\/news\/987789639"}],"collection":[{"href":"https:\/\/p4h.world\/es\/wp-json\/wp\/v2\/news"}],"about":[{"href":"https:\/\/p4h.world\/es\/wp-json\/wp\/v2\/types\/news"}],"author":[{"embeddable":true,"href":"https:\/\/p4h.world\/es\/wp-json\/wp\/v2\/users\/2098"}],"replies":[{"embeddable":true,"href":"https:\/\/p4h.world\/es\/wp-json\/wp\/v2\/comments?post=987789639"}],"version-history":[{"count":4,"href":"https:\/\/p4h.world\/es\/wp-json\/wp\/v2\/news\/987789639\/revisions"}],"predecessor-version":[{"id":987789647,"href":"https:\/\/p4h.world\/es\/wp-json\/wp\/v2\/news\/987789639\/revisions\/987789647"}],"wp:featuredmedia":[{"embeddable":true,"href":"https:\/\/p4h.world\/es\/wp-json\/wp\/v2\/media\/987789629"}],"wp:attachment":[{"href":"https:\/\/p4h.world\/es\/wp-json\/wp\/v2\/media?parent=987789639"}],"wp:term":[{"taxonomy":"category","embeddable":true,"href":"https:\/\/p4h.world\/es\/wp-json\/wp\/v2\/categories?post=987789639"},{"taxonomy":"post_tag","embeddable":true,"href":"https:\/\/p4h.world\/es\/wp-json\/wp\/v2\/tags?post=987789639"}],"curies":[{"name":"wp","href":"https:\/\/api.w.org\/{rel}","templated":true}]}}