{"id":987645927,"date":"2022-12-30T14:11:07","date_gmt":"2022-12-30T13:11:07","guid":{"rendered":"https:\/\/p4h.world\/disenar-y-aplicar-la-proteccion-social-de-las-personas-con-discapacidad-en-asia-y-el-pacifico\/"},"modified":"2024-02-05T13:05:32","modified_gmt":"2024-02-05T12:05:32","slug":"disenar-y-aplicar-la-proteccion-social-de-las-personas-con-discapacidad-en-asia-y-el-pacifico","status":"publish","type":"post","link":"https:\/\/p4h.world\/es\/disenar-y-aplicar-la-proteccion-social-de-las-personas-con-discapacidad-en-asia-y-el-pacifico\/","title":{"rendered":"Dise\u00f1ar y aplicar la protecci\u00f3n social de las personas con discapacidad en Asia y el Pac\u00edfico"},"content":{"rendered":"<p>[et_pb_section fb_built=&#8221;1&#8243; admin_label=&#8221;!! PLEASE DO NOT EDIT !!!&#8221; _builder_version=&#8221;4.19.5&#8243; _module_preset=&#8221;default&#8221; global_colors_info=&#8221;{}&#8221;][et_pb_row use_custom_gutter=&#8221;on&#8221; gutter_width=&#8221;1&#8243; admin_label=&#8221;\u00a1\u00a1\u00a1!!! \u00a1\u00a1\u00a1POR FAVOR NO EDITAR !!!&#8221; _builder_version=&#8221;4.20.4&#8243; _module_preset=&#8221;default&#8221; global_colors_info=&#8221;{}&#8221;][et_pb_column type=&#8221;4_4&#8243; _builder_version=&#8221;4.19.5&#8243; _module_preset=&#8221;default&#8221; global_colors_info=&#8221;{}&#8221;][ba_gradient_heading title=&#8221;Las lecciones de Australia y Singapur&#8221; html_tag=&#8221;h3&#8243; primary_color=&#8221;#455A64&#8243; secondary_color=&#8221;#455A64&#8243; admin_label=&#8221;HEADING (50-60 characters)&#8221; _builder_version=&#8221;4.21.0&#8243; _module_preset=&#8221;default&#8221; title_font=&#8221;||||||||&#8221; title_font_size=&#8221;32px&#8221; title_line_height=&#8221;1em&#8221; custom_padding=&#8221;15px||10px||false|false&#8221; global_colors_info=&#8221;{}&#8221;][\/ba_gradient_heading][et_pb_text admin_label=&#8221;TEXT &#8211; BLOCK 1 &#8211; Click on the WHEEL icon to open the textarea where you can paste or type your news. PLEASE USE THE USE ONLY THE FEATURED IMAGE FUNCTION on your right column to add the image.&#8221; _builder_version=&#8221;4.21.0&#8243; _module_preset=&#8221;default&#8221; global_colors_info=&#8221;{}&#8221;]<\/p>\n<p>En la regi\u00f3n de Asia y el Pac\u00edfico viven 690 millones de personas con discapacidad. Seg\u00fan la Organizaci\u00f3n Internacional del Trabajo (OIT), s\u00f3lo el 21,6% de las personas con discapacidades graves est\u00e1n cubiertas por prestaciones de discapacidad en la regi\u00f3n. Sabemos que las personas con discapacidad tienen dificultades para acceder a la educaci\u00f3n y al empleo, adem\u00e1s de las necesidades de cuidados que pueden mermar su capacidad econ\u00f3mica, lo que las hace especialmente vulnerables a la pobreza. En este breve art\u00edculo, comparto los reg\u00edmenes de discapacidad de Singapur y Australia como ejemplos de referencia para dise\u00f1ar y aplicar la protecci\u00f3n social de las personas con discapacidad.<\/p>\n<p>En Singapur, CareShield Life es un plan de seguros que agrupa los riesgos haciendo que los particulares paguen primas durante sus a\u00f1os de trabajo para proporcionar apoyo financiero en caso de discapacidad grave para realizar las actividades f\u00edsicas de la vida diaria. Se considera que una persona est\u00e1 gravemente discapacitada si no puede realizar tres de las seis actividades f\u00edsicas siguientes: ba\u00f1arse, lavarse, vestirse, alimentarse, ir al ba\u00f1o, caminar o desplazarse y trasladarse. El r\u00e9gimen de seguro proporciona a las personas gravemente discapacitadas una ayuda mensual en met\u00e1lico para cuidados de larga duraci\u00f3n, de por vida mientras permanezcan discapacitadas. Los beneficiarios tienen la flexibilidad de utilizar el pago en efectivo para decidir la modalidad de asistencia que mejor se adapte a sus necesidades.<\/p>\n<p>En Australia, el National Disability Insurance Scheme (NDIS) es un r\u00e9gimen de discapacidad financiado con fondos p\u00fablicos que reconoce la discapacidad intelectual, f\u00edsica, sensorial, cognitiva y psicosocial. Tambi\u00e9n ofrece intervenci\u00f3n temprana a personas con discapacidad o ni\u00f1os con retrasos en el desarrollo que cumplan los requisitos. El NDIS financia actividades para ayudar a los beneficiarios en su vida diaria, guiadas por planes de atenci\u00f3n personalizados elaborados en colaboraci\u00f3n con los beneficiarios para satisfacer sus objetivos y necesidades. La financiaci\u00f3n puede destinarse a una amplia gama de actividades de apoyo a los beneficiarios en actividades cotidianas como la participaci\u00f3n social y comunitaria. Tambi\u00e9n puede ayudar a los beneficiarios a adquirir independencia para perseguir sus objetivos, como encontrar y mantener un empleo y adquirir tecnolog\u00eda de asistencia.<\/p>\n<p>Los gobiernos deben considerar un plan de discapacidad para garantizar que las personas con discapacidad reciban la protecci\u00f3n y el apoyo financiero adecuados en su acceso a la atenci\u00f3n sanitaria. A medida que la poblaci\u00f3n envejezca, aumentar\u00e1 el n\u00famero de personas con discapacidad, por lo que es a\u00fan m\u00e1s importante contar con un r\u00e9gimen espec\u00edfico que atienda las necesidades de asistencia sanitaria y social derivadas de la discapacidad. El reconocimiento de las distintas formas de discapacidad, los puntos de intervenci\u00f3n (antes o despu\u00e9s de la discapacidad), el alcance y el objetivo de las ayudas, y los mecanismos de generaci\u00f3n y adquisici\u00f3n de recursos son algunas consideraciones a tener en cuenta en el dise\u00f1o del plan de discapacidad para satisfacer las distintas necesidades de la poblaci\u00f3n.<\/p>\n<p>En la red P4H, podemos abogar por la protecci\u00f3n sociosanitaria de las personas con discapacidad mediante revisiones del alcance de los reg\u00edmenes de discapacidad en la regi\u00f3n y en el mundo, y organizar el intercambio de conocimientos con y entre las partes interesadas gubernamentales.<\/p>\n<p>[\/et_pb_text][\/et_pb_column][\/et_pb_row][\/et_pb_section]<\/p>\n","protected":false},"excerpt":{"rendered":"<p><div class=\"et_pb_module ba_gradient_heading ba_gradient_heading_0\">\n\t\t\t\t\n\t\t\t\t\n\t\t\t\t\n\t\t\t\t\n\t\t\t\t\n\t\t\t\t\n\t\t\t\t<div class=\"et_pb_module_inner\">\n\t\t\t\t\t<h3 class=\"dtq-gradient-heading\">Las lecciones de Australia y Singapur<\/h3>\n\t\t\t\t<\/div>\n\t\t\t<\/div>En la regi\u00f3n de Asia y el Pac\u00edfico viven 690 millones de personas con discapacidad. Seg\u00fan la Organizaci\u00f3n Internacional del Trabajo (OIT), s\u00f3lo el 21,6% de las personas con discapacidades graves est\u00e1n cubiertas por prestaciones de&#8230;<\/p>\n","protected":false},"author":559,"featured_media":987643114,"comment_status":"closed","ping_status":"closed","sticky":false,"template":"","format":"standard","meta":{"_et_pb_use_builder":"on","_et_pb_old_content":"","_et_gb_content_width":""},"categories":[2688],"tags":[2482,2452,2678,2455],"acf":[],"_links":{"self":[{"href":"https:\/\/p4h.world\/es\/wp-json\/wp\/v2\/posts\/987645927"}],"collection":[{"href":"https:\/\/p4h.world\/es\/wp-json\/wp\/v2\/posts"}],"about":[{"href":"https:\/\/p4h.world\/es\/wp-json\/wp\/v2\/types\/post"}],"author":[{"embeddable":true,"href":"https:\/\/p4h.world\/es\/wp-json\/wp\/v2\/users\/559"}],"replies":[{"embeddable":true,"href":"https:\/\/p4h.world\/es\/wp-json\/wp\/v2\/comments?post=987645927"}],"version-history":[{"count":8,"href":"https:\/\/p4h.world\/es\/wp-json\/wp\/v2\/posts\/987645927\/revisions"}],"predecessor-version":[{"id":987675708,"href":"https:\/\/p4h.world\/es\/wp-json\/wp\/v2\/posts\/987645927\/revisions\/987675708"}],"wp:featuredmedia":[{"embeddable":true,"href":"https:\/\/p4h.world\/es\/wp-json\/wp\/v2\/media\/987643114"}],"wp:attachment":[{"href":"https:\/\/p4h.world\/es\/wp-json\/wp\/v2\/media?parent=987645927"}],"wp:term":[{"taxonomy":"category","embeddable":true,"href":"https:\/\/p4h.world\/es\/wp-json\/wp\/v2\/categories?post=987645927"},{"taxonomy":"post_tag","embeddable":true,"href":"https:\/\/p4h.world\/es\/wp-json\/wp\/v2\/tags?post=987645927"}],"curies":[{"name":"wp","href":"https:\/\/api.w.org\/{rel}","templated":true}]}}