{"id":987521417,"date":"2020-09-29T03:04:21","date_gmt":"2020-09-29T02:04:21","guid":{"rendered":"https:\/\/p4h.world\/news\/election-presidentielle-au-burkina-faso-2020\/"},"modified":"2024-07-30T09:36:01","modified_gmt":"2024-07-30T08:36:01","slug":"election-presidentielle-au-burkina-faso-2020","status":"publish","type":"news","link":"https:\/\/p4h.world\/fr\/news\/election-presidentielle-au-burkina-faso-2020\/","title":{"rendered":"\u00c9lection pr\u00e9sidentielle au Burkina Faso &#8211; 2020"},"content":{"rendered":"<p>\u00c9lection pr\u00e9sidentielle 2020: Neuf candidats s&#8217;engagent \u00e0 r\u00e9duire les in\u00e9galit\u00e9s au Burkina Faso<\/p>\n<p>Au cours d&#8217;une c\u00e9r\u00e9monie de signature organis\u00e9e ce vendredi 25 septembre 2020, neuf candidats \u00e0 l&#8217;\u00e9lection pr\u00e9sidentielle du 22 novembre prochain, se sont engag\u00e9s \u00e0 mettre en oeuvre, s&#8217;ils sont \u00e9lus, dix s\u00e9ries de recommandations pour contribuer \u00e0 la r\u00e9duction des in\u00e9galit\u00e9s au Burkina Faso.<\/p>\n<p>Il s&#8217;agit notamment de Tahirou Barry, Ambroise Farama, Monique Y\u00e9li Kam, Eddie Kombo\u00efgo, Kadr\u00e9 D\u00e9sir\u00e9 Ou\u00e9draogo, No\u00ebl Gilbert Ou\u00e9draogo, Abdoulaye Soma, Roch Kabor\u00e9 et Z\u00e9phirin Diabr\u00e9 (ces deux derniers ont \u00e9t\u00e9 repr\u00e9sent\u00e9s).<\/p>\n<p>Cette initiative \u00e9mane d&#8217;une coalition d&#8217;une trentaine d&#8217;organisations de la soci\u00e9t\u00e9 civile conduite par le Secr\u00e9tariat Permanent des Organisations Non Gouvernementales (SPONG), l&#8217;Association des femmes juristes du Burkina Faso, le Balai citoyen et la Conf\u00e9d\u00e9ration paysanne du Faso. Elle b\u00e9n\u00e9ficie du soutien de Oxfam et de l&#8217;accompagnement financier de l&#8217;Ambassade Royale du Danemark \u00e0 travers le programme Danida.<\/p>\n<p>Figurent parmi les 10 mesures propos\u00e9es par cette coalition, l&#8217;\u00e9ducation publique universelle gratuite, de qualit\u00e9 et accessible pour toutes et tous avec un accent sur l&#8217;\u00e9ducation pr\u00e9scolaire, l&#8217;enseignement et la formation technique professionnelle ; l&#8217;instauration d&#8217;un syst\u00e8me de sant\u00e9 et de protection sociale qui r\u00e9duise l&#8217;\u00e9cart entre les plus riches et les plus d\u00e9munis; la mise en place des politiques fiscales plus progressives.<\/p>\n<p>L\u00b4article complet se trouve <a href=\"https:\/\/www.facebook.com\/221368454551904\/posts\/3696345667054148\/?sfnsn=mo&amp;extid=TW0DWK5gjpNNOWRR\" target=\"_blank\" rel=\"noopener\">ici<\/a><\/p>\n","protected":false},"excerpt":{"rendered":"<p>\u00c9lection pr\u00e9sidentielle 2020: Neuf candidats s&#8217;engagent \u00e0 r\u00e9duire les in\u00e9galit\u00e9s au Burkina Faso Au cours d&#8217;une c\u00e9r\u00e9monie de signature organis\u00e9e ce vendredi 25 septembre 2020, neuf candidats \u00e0 l&#8217;\u00e9lection pr\u00e9sidentielle du 22 novembre prochain, se sont engag\u00e9s \u00e0 mettre en oeuvre, s&#8217;ils sont \u00e9lus, dix s\u00e9ries de recommandations pour contribuer \u00e0 la r\u00e9duction des in\u00e9galit\u00e9s&#8230;<\/p>\n","protected":false},"author":1164,"featured_media":987711341,"comment_status":"closed","ping_status":"closed","template":"","meta":{"_et_pb_use_builder":"","_et_pb_old_content":"","_et_gb_content_width":""},"categories":[],"tags":[2402],"acf":[],"_links":{"self":[{"href":"https:\/\/p4h.world\/fr\/wp-json\/wp\/v2\/news\/987521417"}],"collection":[{"href":"https:\/\/p4h.world\/fr\/wp-json\/wp\/v2\/news"}],"about":[{"href":"https:\/\/p4h.world\/fr\/wp-json\/wp\/v2\/types\/news"}],"author":[{"embeddable":true,"href":"https:\/\/p4h.world\/fr\/wp-json\/wp\/v2\/users\/1164"}],"replies":[{"embeddable":true,"href":"https:\/\/p4h.world\/fr\/wp-json\/wp\/v2\/comments?post=987521417"}],"version-history":[{"count":1,"href":"https:\/\/p4h.world\/fr\/wp-json\/wp\/v2\/news\/987521417\/revisions"}],"predecessor-version":[{"id":987711345,"href":"https:\/\/p4h.world\/fr\/wp-json\/wp\/v2\/news\/987521417\/revisions\/987711345"}],"wp:featuredmedia":[{"embeddable":true,"href":"https:\/\/p4h.world\/fr\/wp-json\/wp\/v2\/media\/987711341"}],"wp:attachment":[{"href":"https:\/\/p4h.world\/fr\/wp-json\/wp\/v2\/media?parent=987521417"}],"wp:term":[{"taxonomy":"category","embeddable":true,"href":"https:\/\/p4h.world\/fr\/wp-json\/wp\/v2\/categories?post=987521417"},{"taxonomy":"post_tag","embeddable":true,"href":"https:\/\/p4h.world\/fr\/wp-json\/wp\/v2\/tags?post=987521417"}],"curies":[{"name":"wp","href":"https:\/\/api.w.org\/{rel}","templated":true}]}}