{"id":987521439,"date":"2020-06-19T03:04:54","date_gmt":"2020-06-19T02:04:54","guid":{"rendered":"https:\/\/p4h.world\/news\/atelier-national-de-validation-de-lavant-projet-de-loi-csu\/"},"modified":"2023-03-02T10:56:30","modified_gmt":"2023-03-02T09:56:30","slug":"atelier-national-de-validation-de-lavant-projet-de-loi-csu","status":"publish","type":"news","link":"https:\/\/p4h.world\/fr\/news\/atelier-national-de-validation-de-lavant-projet-de-loi-csu\/","title":{"rendered":"Atelier National de validation de l&#8217;avant-projet de loi CSU"},"content":{"rendered":"<p><span><span><span>Dans le cadre de la mise en \u0153uvre du Dispositif d\u2019Assurance Sant\u00e9 au Tchad adopt\u00e9 le 17\/8\/2018, un avant-projet de loi a \u00e9t\u00e9 \u00e9labor\u00e9, par un comit\u00e9 technique mis en place par Arr\u00eat\u00e9 N\u00b0 446\/PR\/PM\/MSP\/SE\/SG\/2017 du Ministre de la Sant\u00e9 Publique. <\/span><\/span><\/span><span><span><span><span><span><span>Ce comit\u00e9 a travaill\u00e9 pendant 8 mois, de d\u00e9cembre 2017 \u00e0 juillet 2018, sous la supervision de la cellule interminist\u00e9rielle de coordination de la strat\u00e9gie nationale de la couverture sant\u00e9 universelle.&nbsp;<\/span><\/span><\/span><\/span><\/span><\/span><\/p>\n<p><span><span><span><span><span><span>Dans le but de prendre en compte les pr\u00e9occupations de l&#8217;ensemble des acteurs, un atelier national de validation de l&#8217;avant-projet de loi a \u00e9t\u00e9 organis\u00e9 le 28\/8\/2018&nbsp;\u00e0 l\u2019HOTEL RADISSON BLU de N\u2019Djamena.&nbsp;L\u2019atelier a regroup\u00e9 une cinquantaine de&nbsp;cadres provenant des diff\u00e9rents minist\u00e8res, des institutions, de la Soci\u00e9t\u00e9 Civile, des syndicats et des partenaires techniques et financiers.&nbsp;<\/span><\/span><\/span><\/span><\/span><\/span><\/p>\n<p><span><span><span><span><span><span>Le compte-rendu ci-contre donne les principales conclusions de l&#8217;atelier national de validation de l&#8217;avant-projet de loi portant CSU au Tchad.<\/span><\/span><\/span><\/span><\/span><\/span><\/p>\n","protected":false},"excerpt":{"rendered":"<p>Dans le cadre de la mise en \u0153uvre du Dispositif d\u2019Assurance Sant\u00e9 au Tchad adopt\u00e9 le 17\/8\/2018, un avant-projet de loi a \u00e9t\u00e9 \u00e9labor\u00e9, par un comit\u00e9 technique mis en place par Arr\u00eat\u00e9 N\u00b0 446\/PR\/PM\/MSP\/SE\/SG\/2017 du Ministre de la Sant\u00e9 Publique. Ce comit\u00e9 a travaill\u00e9 pendant 8 mois, de d\u00e9cembre 2017 \u00e0 juillet 2018, sous&#8230;<\/p>\n","protected":false},"author":1164,"featured_media":0,"comment_status":"closed","ping_status":"closed","template":"","meta":{"_et_pb_use_builder":"","_et_pb_old_content":"","_et_gb_content_width":""},"categories":[],"tags":[2847],"acf":[],"_links":{"self":[{"href":"https:\/\/p4h.world\/fr\/wp-json\/wp\/v2\/news\/987521439"}],"collection":[{"href":"https:\/\/p4h.world\/fr\/wp-json\/wp\/v2\/news"}],"about":[{"href":"https:\/\/p4h.world\/fr\/wp-json\/wp\/v2\/types\/news"}],"author":[{"embeddable":true,"href":"https:\/\/p4h.world\/fr\/wp-json\/wp\/v2\/users\/1164"}],"replies":[{"embeddable":true,"href":"https:\/\/p4h.world\/fr\/wp-json\/wp\/v2\/comments?post=987521439"}],"version-history":[{"count":0,"href":"https:\/\/p4h.world\/fr\/wp-json\/wp\/v2\/news\/987521439\/revisions"}],"wp:attachment":[{"href":"https:\/\/p4h.world\/fr\/wp-json\/wp\/v2\/media?parent=987521439"}],"wp:term":[{"taxonomy":"category","embeddable":true,"href":"https:\/\/p4h.world\/fr\/wp-json\/wp\/v2\/categories?post=987521439"},{"taxonomy":"post_tag","embeddable":true,"href":"https:\/\/p4h.world\/fr\/wp-json\/wp\/v2\/tags?post=987521439"}],"curies":[{"name":"wp","href":"https:\/\/api.w.org\/{rel}","templated":true}]}}