{"id":987521485,"date":"2020-06-04T03:05:22","date_gmt":"2020-06-04T02:05:22","guid":{"rendered":"https:\/\/p4h.world\/news\/le-ministre-des-finances-dalgerie-presente-le-projet-de-loi-de-finances-complementaire-2020-devant-devant-le-conseil-de-la-nation\/"},"modified":"2024-07-16T12:24:37","modified_gmt":"2024-07-16T11:24:37","slug":"le-ministre-des-finances-dalgerie-presente-le-projet-de-loi-de-finances-complementaire-2020-devant-devant-le-conseil-de-la-nation","status":"publish","type":"news","link":"https:\/\/p4h.world\/fr\/news\/le-ministre-des-finances-dalgerie-presente-le-projet-de-loi-de-finances-complementaire-2020-devant-devant-le-conseil-de-la-nation\/","title":{"rendered":"Le ministre des Finances d\u00b4Alg\u00e9rie pr\u00e9sente le projet de loi de finances compl\u00e9mentaire 2020 devant devant le Conseil de la Nation"},"content":{"rendered":"<p>Le ministre des Finances, Abderahamane Raouya, a pr\u00e9sent\u00e9 lundi le texte de loi de finances compl\u00e9mentaire (LFC) pour 2020 devant le Conseil de la Nation, lors d&#8217;une s\u00e9ance pl\u00e9ni\u00e8re pr\u00e9sid\u00e9e par Salah Goudjil, pr\u00e9sident du Conseil par int\u00e9rim.<\/p>\n<p>Lors de la pl\u00e9ni\u00e8re, \u00e0 laquelle ont assist\u00e9 plusieurs ministres, M. Raouya a soulign\u00e9 que ce texte de loi, adopt\u00e9 dimanche par l&#8217;APN, a \u00e9t\u00e9 \u00e9labor\u00e9 dans un contexte exceptionnel et in\u00e9dit, marqu\u00e9 par la conjonction de deux facteurs majeurs, \u00e0 savoir: la stagnation \u00e9conomique mondiale et la crise sanitaire globale sans pr\u00e9c\u00e9dent.<\/p>\n<p>&nbsp;<\/p>\n<p>L\u00b4article complet peut \u00eatre consult\u00e9 en suivant ce <a href=\"https:\/\/www.mfdgi.gov.dz\/index.php\/8-contenu-en-francais\/actualites%20Public%20Finance%20Legislation%20-%202009\">lien<\/a><\/p>\n","protected":false},"excerpt":{"rendered":"<p>Le ministre des Finances, Abderahamane Raouya, a pr\u00e9sent\u00e9 lundi le texte de loi de finances compl\u00e9mentaire (LFC) pour 2020 devant le Conseil de la Nation, lors d&#8217;une s\u00e9ance pl\u00e9ni\u00e8re pr\u00e9sid\u00e9e par Salah Goudjil, pr\u00e9sident du Conseil par int\u00e9rim. Lors de la pl\u00e9ni\u00e8re, \u00e0 laquelle ont assist\u00e9 plusieurs ministres, M. Raouya a soulign\u00e9 que ce texte&#8230;<\/p>\n","protected":false},"author":1164,"featured_media":987708574,"comment_status":"closed","ping_status":"closed","template":"","meta":{"_et_pb_use_builder":"","_et_pb_old_content":"","_et_gb_content_width":""},"categories":[],"tags":[2402,2363],"acf":[],"_links":{"self":[{"href":"https:\/\/p4h.world\/fr\/wp-json\/wp\/v2\/news\/987521485"}],"collection":[{"href":"https:\/\/p4h.world\/fr\/wp-json\/wp\/v2\/news"}],"about":[{"href":"https:\/\/p4h.world\/fr\/wp-json\/wp\/v2\/types\/news"}],"author":[{"embeddable":true,"href":"https:\/\/p4h.world\/fr\/wp-json\/wp\/v2\/users\/1164"}],"replies":[{"embeddable":true,"href":"https:\/\/p4h.world\/fr\/wp-json\/wp\/v2\/comments?post=987521485"}],"version-history":[{"count":1,"href":"https:\/\/p4h.world\/fr\/wp-json\/wp\/v2\/news\/987521485\/revisions"}],"predecessor-version":[{"id":987708578,"href":"https:\/\/p4h.world\/fr\/wp-json\/wp\/v2\/news\/987521485\/revisions\/987708578"}],"wp:featuredmedia":[{"embeddable":true,"href":"https:\/\/p4h.world\/fr\/wp-json\/wp\/v2\/media\/987708574"}],"wp:attachment":[{"href":"https:\/\/p4h.world\/fr\/wp-json\/wp\/v2\/media?parent=987521485"}],"wp:term":[{"taxonomy":"category","embeddable":true,"href":"https:\/\/p4h.world\/fr\/wp-json\/wp\/v2\/categories?post=987521485"},{"taxonomy":"post_tag","embeddable":true,"href":"https:\/\/p4h.world\/fr\/wp-json\/wp\/v2\/tags?post=987521485"}],"curies":[{"name":"wp","href":"https:\/\/api.w.org\/{rel}","templated":true}]}}