{"id":987522346,"date":"2022-03-02T03:15:00","date_gmt":"2022-03-02T02:15:00","guid":{"rendered":"https:\/\/p4h.world\/news\/tchad-lafd-prepare-la-phase-3-du-projet-dappui-au-secteur-de-la-sante-passt3-au-tchad\/"},"modified":"2023-03-02T09:37:22","modified_gmt":"2023-03-02T08:37:22","slug":"tchad-lafd-prepare-la-phase-3-du-projet-dappui-au-secteur-de-la-sante-passt3-au-tchad","status":"publish","type":"news","link":"https:\/\/p4h.world\/fr\/news\/tchad-lafd-prepare-la-phase-3-du-projet-dappui-au-secteur-de-la-sante-passt3-au-tchad\/","title":{"rendered":"TCHAD: l&#8217;AFD pr\u00e9pare la phase 3 du Projet d&#8217;appui au secteur de la sant\u00e9 (PASST3) au Tchad"},"content":{"rendered":"<p><span><span><span>La cheffe de projet \u00e0 la division sant\u00e9 de l\u2019Agence Fran\u00e7aise de D\u00e9veloppement (AFD) a effectu\u00e9 une mission d\u2019\u00e9valuations des activit\u00e9s du PASST2 et de pr\u00e9paration d\u2019un PASST3 au Tchad du 31.01 au 12.02.2022.<\/span><\/span><\/span><\/p>\n<p><span><span><span>Au cours de son s\u00e9jours, elle a rencontr\u00e9 les acteurs de mise en \u0153uvre des interventions du PASST2, les structures centrales du Minist\u00e8re de la Sant\u00e9 Publique. Elle a \u00e9galement rencontr\u00e9 les partenaires techniques et financiers du secteur de la Sant\u00e9 dont l\u2019OMS, la Coop\u00e9ration Suisse, l\u2019Union Europ\u00e9enne, la Banque Mondiale, etc. Au titre du groupe des PTF, le CFP du r\u00e9seau P4H a rencontr\u00e9 la mission au cours d\u2019une r\u00e9union de concertation au si\u00e8ge de l\u2019AFD \u00e0 N\u2019Djam\u00e9na.&nbsp; Au cours de cette rencontre le CFP du r\u00e9seau P4H a donn\u00e9 sa lecture du processus de la CSU au Tchad et soulign\u00e9 la n\u00e9cessit\u00e9 d\u2019une mise en coh\u00e9rence des interventions et leur alignement aux priorit\u00e9s nationales. <\/span><\/span><\/span><\/p>\n<p><span><span><span>Au cours de la rencontre de restitution des r\u00e9sultats de la mission au cabinet du Ministre de la Sant\u00e9 Publique, le Ministre a relev\u00e9 la lente avanc\u00e9e du processus CSU et a indiqu\u00e9 que l\u2019ann\u00e9e 2022 sera celle de l\u2019acc\u00e9l\u00e9ration de l\u2019op\u00e9rationnalisation de la CSU au Tchad. Il a, \u00e0 cet \u00e9gard, salu\u00e9 les interventions du PASST qui, pour lui, sont en coh\u00e9rence avec les d\u00e9fis prioritaires de son d\u00e9partement. <\/span><\/span><\/span><\/p>\n","protected":false},"excerpt":{"rendered":"<p>La cheffe de projet \u00e0 la division sant\u00e9 de l\u2019Agence Fran\u00e7aise de D\u00e9veloppement (AFD) a effectu\u00e9 une mission d\u2019\u00e9valuations des activit\u00e9s du PASST2 et de pr\u00e9paration d\u2019un PASST3 au Tchad du 31.01 au 12.02.2022. Au cours de son s\u00e9jours, elle a rencontr\u00e9 les acteurs de mise en \u0153uvre des interventions du PASST2, les structures centrales&#8230;<\/p>\n","protected":false},"author":1939,"featured_media":987527715,"comment_status":"closed","ping_status":"closed","template":"","meta":{"_et_pb_use_builder":"","_et_pb_old_content":"","_et_gb_content_width":""},"categories":[],"tags":[2477],"acf":[],"_links":{"self":[{"href":"https:\/\/p4h.world\/fr\/wp-json\/wp\/v2\/news\/987522346"}],"collection":[{"href":"https:\/\/p4h.world\/fr\/wp-json\/wp\/v2\/news"}],"about":[{"href":"https:\/\/p4h.world\/fr\/wp-json\/wp\/v2\/types\/news"}],"author":[{"embeddable":true,"href":"https:\/\/p4h.world\/fr\/wp-json\/wp\/v2\/users\/1939"}],"replies":[{"embeddable":true,"href":"https:\/\/p4h.world\/fr\/wp-json\/wp\/v2\/comments?post=987522346"}],"version-history":[{"count":0,"href":"https:\/\/p4h.world\/fr\/wp-json\/wp\/v2\/news\/987522346\/revisions"}],"wp:featuredmedia":[{"embeddable":true,"href":"https:\/\/p4h.world\/fr\/wp-json\/wp\/v2\/media\/987527715"}],"wp:attachment":[{"href":"https:\/\/p4h.world\/fr\/wp-json\/wp\/v2\/media?parent=987522346"}],"wp:term":[{"taxonomy":"category","embeddable":true,"href":"https:\/\/p4h.world\/fr\/wp-json\/wp\/v2\/categories?post=987522346"},{"taxonomy":"post_tag","embeddable":true,"href":"https:\/\/p4h.world\/fr\/wp-json\/wp\/v2\/tags?post=987522346"}],"curies":[{"name":"wp","href":"https:\/\/api.w.org\/{rel}","templated":true}]}}