{"id":987522379,"date":"2022-01-31T03:15:14","date_gmt":"2022-01-31T02:15:14","guid":{"rendered":"https:\/\/p4h.world\/news\/canam-mali-segou-se-dote-dun-systeme-dinformation\/"},"modified":"2023-03-02T09:39:34","modified_gmt":"2023-03-02T08:39:34","slug":"canam-mali-segou-se-dote-dun-systeme-dinformation","status":"publish","type":"news","link":"https:\/\/p4h.world\/fr\/news\/canam-mali-segou-se-dote-dun-systeme-dinformation\/","title":{"rendered":"CANAM MALI : S\u00e9gou se dote d&#8217;un syst\u00e8me d&#8217;information"},"content":{"rendered":"<p>A S\u00e9gou, le bureau r\u00e9gional vient d\u2019\u00eatre outill\u00e9 en le Progiciel Activ Premium, dont a fait sien la CANAM.<\/p>\n<p>Ce nouveau syst\u00e8me vise \u00e0 mettre \u00e0 la disposition des acteurs et partenaires de l\u2019AMO un syst\u00e8me d\u2019information moderne permettant des op\u00e9rations rapides et s\u00e9curis\u00e9es, d\u00e9mat\u00e9rialiser les feuilles de soins et la mise \u00e0 jour et le contr\u00f4le des droits aux prestations AMO, et aussi d\u00e9mat\u00e9rialiser et s\u00e9curiser l\u2019authentification du b\u00e9n\u00e9ficiaire des prestations AMO.<\/p>\n<p>Il s\u2019agit aussi d\u2019optimiser les d\u00e9lais de r\u00e8glement des prestataires conventionn\u00e9s, s\u00e9curiser l\u2019acc\u00e8s aux prestations AMO, d\u2019assurer la tra\u00e7abilit\u00e9 des transactions du syst\u00e8me d\u2019information de l\u2019AMO, de faire \u00e9voluer la plateforme d\u00e9cisionnelle, et d\u2019assurer la maitrise des ressources et des d\u00e9penses du r\u00e9gime de l\u2019AMO.<\/p>\n<p>En ce qui concerne son int\u00e9r\u00eat \u00e0 la CANAm, ACTIV Premium vise \u00e0 assurer l\u2019optimisation de la gestion du r\u00e9gime de l\u2019AMO dans la perspective de la mise en place du R\u00e9gime d\u2019Assurance Maladie Universelle (RAMU).<\/p>\n<p>Ce d\u00e9ploiement dans la capitale du Balazan marque progressivement le d\u00e9but d\u2019un long processus.<\/p>\n<p><a href=\"https:\/\/maliactu.net\/caisse-nationale-dassurance-maladie-le-systeme-dinformation-activ-premium-se-deploie-a-segou\/\">Source<\/a>.<\/p>\n","protected":false},"excerpt":{"rendered":"<p>A S\u00e9gou, le bureau r\u00e9gional vient d\u2019\u00eatre outill\u00e9 en le Progiciel Activ Premium, dont a fait sien la CANAM. Ce nouveau syst\u00e8me vise \u00e0 mettre \u00e0 la disposition des acteurs et partenaires de l\u2019AMO un syst\u00e8me d\u2019information moderne permettant des op\u00e9rations rapides et s\u00e9curis\u00e9es, d\u00e9mat\u00e9rialiser les feuilles de soins et la mise \u00e0 jour et&#8230;<\/p>\n","protected":false},"author":1633,"featured_media":987527877,"comment_status":"closed","ping_status":"closed","template":"","meta":{"_et_pb_use_builder":"","_et_pb_old_content":"","_et_gb_content_width":""},"categories":[],"tags":[2363],"acf":[],"_links":{"self":[{"href":"https:\/\/p4h.world\/fr\/wp-json\/wp\/v2\/news\/987522379"}],"collection":[{"href":"https:\/\/p4h.world\/fr\/wp-json\/wp\/v2\/news"}],"about":[{"href":"https:\/\/p4h.world\/fr\/wp-json\/wp\/v2\/types\/news"}],"author":[{"embeddable":true,"href":"https:\/\/p4h.world\/fr\/wp-json\/wp\/v2\/users\/1633"}],"replies":[{"embeddable":true,"href":"https:\/\/p4h.world\/fr\/wp-json\/wp\/v2\/comments?post=987522379"}],"version-history":[{"count":0,"href":"https:\/\/p4h.world\/fr\/wp-json\/wp\/v2\/news\/987522379\/revisions"}],"wp:featuredmedia":[{"embeddable":true,"href":"https:\/\/p4h.world\/fr\/wp-json\/wp\/v2\/media\/987527877"}],"wp:attachment":[{"href":"https:\/\/p4h.world\/fr\/wp-json\/wp\/v2\/media?parent=987522379"}],"wp:term":[{"taxonomy":"category","embeddable":true,"href":"https:\/\/p4h.world\/fr\/wp-json\/wp\/v2\/categories?post=987522379"},{"taxonomy":"post_tag","embeddable":true,"href":"https:\/\/p4h.world\/fr\/wp-json\/wp\/v2\/tags?post=987522379"}],"curies":[{"name":"wp","href":"https:\/\/api.w.org\/{rel}","templated":true}]}}