{"id":987522446,"date":"2022-01-17T03:15:45","date_gmt":"2022-01-17T02:15:45","guid":{"rendered":"https:\/\/p4h.world\/news\/cote-divoire-mutualite-sociale-le-senegal-en-immersion-en-cote-divoire\/"},"modified":"2023-03-02T09:41:53","modified_gmt":"2023-03-02T08:41:53","slug":"cote-divoire-mutualite-sociale-le-senegal-en-immersion-en-cote-divoire","status":"publish","type":"news","link":"https:\/\/p4h.world\/fr\/news\/cote-divoire-mutualite-sociale-le-senegal-en-immersion-en-cote-divoire\/","title":{"rendered":"C\u00f4te d&#8217;Ivoire\/ Mutualit\u00e9 sociale : le S\u00e9n\u00e9gal en immersion en C\u00f4te d&#8217;Ivoire"},"content":{"rendered":"<p>Du 9 au 10 d\u00e9cembre 2021, une d\u00e9l\u00e9gation du S\u00e9n\u00e9gal a effectu\u00e9 un voyage d\u2019\u00e9tudes sur les exp\u00e9riences de mise en \u0153uvre du R\u00e8glement de l\u2019UEMOA portant r\u00e9glementation de la mutualit\u00e9 sociale en C\u00f4te d\u2019Ivoire et au Mali.&nbsp;<\/p>\n<p>Le Programme d&#8217;Appui aux Strat\u00e9gies Sociales (PASS) a servi de facilitateur dans le cadre du d\u00e9roulement du voyage d&#8217;\u00e9tude en C\u00f4te d&#8217;Ivoire d&#8217;une d\u00e9l\u00e9gation s\u00e9n\u00e9galaise du jeudi 9 au vendredi 10 d\u00e9cembre 2021.&nbsp;<\/p>\n<p>Plusieurs points ont \u00e9t\u00e9 abord\u00e9s au cours des \u00e9changes que la d\u00e9l\u00e9gation a eu avec l\u2019\u00e9quipe de l\u2019AMS-CI portant entre autres sur :<\/p>\n<p>&#8211; l\u2019int\u00e9gration des mutuelles de sant\u00e9 dans le dispositif de d\u00e9ploiement de la CMU en C\u00f4te d\u2019Ivoire ainsi que les modalit\u00e9s de contribution en tant qu\u2019organisme de gestion d\u00e9l\u00e9gu\u00e9 ;<\/p>\n<p>&#8211; les rapports entre la faiti\u00e8re et l\u2019AMAMUS avec une identification des r\u00f4les et responsabilit\u00e9s de chaque structure ;<\/p>\n<p>&#8211; l\u2019harmonisation des paquets de soins offerts par les diff\u00e9rentes mutuelles membres de l\u2019AMS-CI ;<\/p>\n<p>&#8211; les bonnes pratiques, en terme de collaboration avec les autres structures \u00e9tatiques qui interviennent dans le domaine de l\u2019assurance maladie et la protection sociale ;<\/p>\n<p>&#8211; l\u2019existence d\u2019un r\u00e9seau interne des soins avec des structures sanitaires appartenant \u00e0 des mutuelles sociales ;<\/p>\n<p>&#8211; les acquis de l\u2019AMS-CI, \u00e0 travers son int\u00e9gration dans le Comit\u00e9 national charg\u00e9 de l\u2019\u00e9laboration du programme CMU, mais aussi l\u2019organisation des journ\u00e9es de la mutualit\u00e9 sociale, qui ont un caract\u00e8re international ;<\/p>\n<p>&#8211; la collaboration avec le secteur priv\u00e9 sant\u00e9 pour l\u2019\u00e9largissement du paquet de soins des organisations mutualistes.<\/p>\n<p><a href=\"https:\/\/pass-mut.org\/actualites\/822-voyage-etude-delegation-senegal-dans-cadre-mise-en-place-instruments-reglement.html\">Lire plus<\/a>.<\/p>\n","protected":false},"excerpt":{"rendered":"<p>Du 9 au 10 d\u00e9cembre 2021, une d\u00e9l\u00e9gation du S\u00e9n\u00e9gal a effectu\u00e9 un voyage d\u2019\u00e9tudes sur les exp\u00e9riences de mise en \u0153uvre du R\u00e8glement de l\u2019UEMOA portant r\u00e9glementation de la mutualit\u00e9 sociale en C\u00f4te d\u2019Ivoire et au Mali.&nbsp; Le Programme d&#8217;Appui aux Strat\u00e9gies Sociales (PASS) a servi de facilitateur dans le cadre du d\u00e9roulement du&#8230;<\/p>\n","protected":false},"author":1633,"featured_media":987528003,"comment_status":"closed","ping_status":"closed","template":"","meta":{"_et_pb_use_builder":"","_et_pb_old_content":"","_et_gb_content_width":""},"categories":[],"tags":[2847],"acf":[],"_links":{"self":[{"href":"https:\/\/p4h.world\/fr\/wp-json\/wp\/v2\/news\/987522446"}],"collection":[{"href":"https:\/\/p4h.world\/fr\/wp-json\/wp\/v2\/news"}],"about":[{"href":"https:\/\/p4h.world\/fr\/wp-json\/wp\/v2\/types\/news"}],"author":[{"embeddable":true,"href":"https:\/\/p4h.world\/fr\/wp-json\/wp\/v2\/users\/1633"}],"replies":[{"embeddable":true,"href":"https:\/\/p4h.world\/fr\/wp-json\/wp\/v2\/comments?post=987522446"}],"version-history":[{"count":0,"href":"https:\/\/p4h.world\/fr\/wp-json\/wp\/v2\/news\/987522446\/revisions"}],"wp:featuredmedia":[{"embeddable":true,"href":"https:\/\/p4h.world\/fr\/wp-json\/wp\/v2\/media\/987528003"}],"wp:attachment":[{"href":"https:\/\/p4h.world\/fr\/wp-json\/wp\/v2\/media?parent=987522446"}],"wp:term":[{"taxonomy":"category","embeddable":true,"href":"https:\/\/p4h.world\/fr\/wp-json\/wp\/v2\/categories?post=987522446"},{"taxonomy":"post_tag","embeddable":true,"href":"https:\/\/p4h.world\/fr\/wp-json\/wp\/v2\/tags?post=987522446"}],"curies":[{"name":"wp","href":"https:\/\/api.w.org\/{rel}","templated":true}]}}