{"id":987522461,"date":"2021-12-29T03:15:50","date_gmt":"2021-12-29T02:15:50","guid":{"rendered":"https:\/\/p4h.world\/news\/gratuite-des-soins-au-niger-le-ministere-de-la-sante-rassure\/"},"modified":"2023-03-02T09:46:03","modified_gmt":"2023-03-02T08:46:03","slug":"gratuite-des-soins-au-niger-le-ministere-de-la-sante-rassure","status":"publish","type":"news","link":"https:\/\/p4h.world\/fr\/news\/gratuite-des-soins-au-niger-le-ministere-de-la-sante-rassure\/","title":{"rendered":"Gratuit\u00e9 des soins au Niger : le minist\u00e8re de la sant\u00e9 rassure"},"content":{"rendered":"<p>Le Secr\u00e9taire G\u00e9n\u00e9ral du Minist\u00e8re de la Sant\u00e9 Publique, Dr Ranaou Abach\u00e9 a anim\u00e9, le mercredi 15 d\u00e9cembre 2021, un point de presse sur le d\u00e9bat n\u00e9 sur les r\u00e9seaux sociaux autour de la suspension par les autorit\u00e9s de la gratuit\u00e9 des accouchements assist\u00e9s dans les formations sanitaires publiques.<\/p>\n<p>Dans son intervention, le Secr\u00e9taire G\u00e9n\u00e9ral du Minist\u00e8re en charge de la Sant\u00e9 Publique a expliqu\u00e9 que les accouchements assist\u00e9s n\u2019\u00e9taient pas pris en compte par la gratuit\u00e9 initiale de 2006. C\u2019est pourquoi, a-t-il indiqu\u00e9, le Gouvernement a n\u00e9goci\u00e9 et obtenu aupr\u00e8s de la Banque Mondiale le financement du Projet d\u2019Appui \u00e0 la Population et \u00e0 la Sant\u00e9 (PAPS) qui comporte plusieurs composantes dont la gratuit\u00e9 des accouchements mise en \u0153uvre en 2020 dans 7 r\u00e9gions du pays et qui doit prendre fin le 31 d\u00e9cembre 2021.<\/p>\n<p>\nMieux, pour davantage renforcer la gestion de cette gratuit\u00e9 des soins, a d\u00e9clar\u00e9 Dr Ranaou Abach\u00e9, le Gouvernement a pris, lors du Conseil des Ministres du 23 septembre 2021, un d\u00e9cret portant cr\u00e9ation de l\u2019Institut national d\u2019assistance m\u00e9dicale (INAM) dont le champ d\u2019action \u00ab va s\u2019\u00e9largir aux couches vuln\u00e9rables de la soci\u00e9t\u00e9 telles que les personnes \u00e2g\u00e9es et les d\u00e9munies, conform\u00e9ment \u00e0 la strat\u00e9gie nationale de protection sociale des cat\u00e9gories vuln\u00e9rables de la population \u00bb.<\/p>\n<p><a href=\"http:\/\/news.aniamey.com\/h\/107670.html\">Lire plus<\/a>.<\/p>\n","protected":false},"excerpt":{"rendered":"<p>Le Secr\u00e9taire G\u00e9n\u00e9ral du Minist\u00e8re de la Sant\u00e9 Publique, Dr Ranaou Abach\u00e9 a anim\u00e9, le mercredi 15 d\u00e9cembre 2021, un point de presse sur le d\u00e9bat n\u00e9 sur les r\u00e9seaux sociaux autour de la suspension par les autorit\u00e9s de la gratuit\u00e9 des accouchements assist\u00e9s dans les formations sanitaires publiques. Dans son intervention, le Secr\u00e9taire G\u00e9n\u00e9ral&#8230;<\/p>\n","protected":false},"author":1633,"featured_media":987528179,"comment_status":"closed","ping_status":"closed","template":"","meta":{"_et_pb_use_builder":"","_et_pb_old_content":"","_et_gb_content_width":""},"categories":[],"tags":[2363],"acf":[],"_links":{"self":[{"href":"https:\/\/p4h.world\/fr\/wp-json\/wp\/v2\/news\/987522461"}],"collection":[{"href":"https:\/\/p4h.world\/fr\/wp-json\/wp\/v2\/news"}],"about":[{"href":"https:\/\/p4h.world\/fr\/wp-json\/wp\/v2\/types\/news"}],"author":[{"embeddable":true,"href":"https:\/\/p4h.world\/fr\/wp-json\/wp\/v2\/users\/1633"}],"replies":[{"embeddable":true,"href":"https:\/\/p4h.world\/fr\/wp-json\/wp\/v2\/comments?post=987522461"}],"version-history":[{"count":0,"href":"https:\/\/p4h.world\/fr\/wp-json\/wp\/v2\/news\/987522461\/revisions"}],"wp:featuredmedia":[{"embeddable":true,"href":"https:\/\/p4h.world\/fr\/wp-json\/wp\/v2\/media\/987528179"}],"wp:attachment":[{"href":"https:\/\/p4h.world\/fr\/wp-json\/wp\/v2\/media?parent=987522461"}],"wp:term":[{"taxonomy":"category","embeddable":true,"href":"https:\/\/p4h.world\/fr\/wp-json\/wp\/v2\/categories?post=987522461"},{"taxonomy":"post_tag","embeddable":true,"href":"https:\/\/p4h.world\/fr\/wp-json\/wp\/v2\/tags?post=987522461"}],"curies":[{"name":"wp","href":"https:\/\/api.w.org\/{rel}","templated":true}]}}