{"id":987522487,"date":"2021-12-15T03:16:08","date_gmt":"2021-12-15T02:16:08","guid":{"rendered":"https:\/\/p4h.world\/news\/csu-burundi-rencontre-nationale-des-acteurs-du-financement-de-la-sante\/"},"modified":"2023-03-02T09:51:18","modified_gmt":"2023-03-02T08:51:18","slug":"csu-burundi-rencontre-nationale-des-acteurs-du-financement-de-la-sante","status":"publish","type":"news","link":"https:\/\/p4h.world\/fr\/news\/csu-burundi-rencontre-nationale-des-acteurs-du-financement-de-la-sante\/","title":{"rendered":"CSU BURUNDI : Rencontre nationale des acteurs du financement de la sant\u00e9"},"content":{"rendered":"<p><span style=\"font-size:12.0pt\"><span style=\"line-height:107%\"><span style=\",sans-serif\">Du 10 au 12 novembre 2021, s&#8217;est r\u00e9unie dans la capitale politique Git\u00e9ga, une quarantaine d&#8217;acteurs nationaux impliqu\u00e9s dans le financement de la sant\u00e9 et la protection sociale en sant\u00e9 au Burundi. <\/span><\/span><\/span><\/p>\n<p><span style=\"font-size:12.0pt\"><span style=\"line-height:107%\"><span style=\",sans-serif\">Deux s\u00e9quences ont meubl\u00e9 les travaux : d&#8217;abord la consolidation des donn\u00e9es et l&#8217;analyse des forces et faiblesses pour d\u00e9gager les d\u00e9fis; ensuite la discussion sur les options strat\u00e9giques envisageables pour la couverture maladie universelle au Burundi. <\/span><\/span><\/span><\/p>\n<p><span style=\"font-size:12.0pt\"><span style=\"line-height:107%\"><span style=\",sans-serif\">L&#8217;Assistant de Monsieur le Ministre de la sant\u00e9 publique et le Repr\u00e9sentant de l&#8217;OMS dans leurs mots introductifs, ont encourag\u00e9 les acteurs \u00e0 collaborer pour faire avancer l&#8217;agenda de la CSU au Burundi. Plusieurs secteurs dont la sant\u00e9, la protection sociale, les finances, les programmes et les partenaires au d\u00e9veloppement ont pris part \u00e0 ces travaux, qui ont eu le b\u00e9n\u00e9fice d&#8217;un bon \u00e9change entre les acteurs et d&#8217;une ouverture \u00e0 la collaboration participative. Les \u00e9tapes \u00e0 suivre ont \u00e9t\u00e9 d\u00e9clin\u00e9es et le train est en marche&#8230;<\/span><\/span><\/span><\/p>\n","protected":false},"excerpt":{"rendered":"<p>Du 10 au 12 novembre 2021, s&#8217;est r\u00e9unie dans la capitale politique Git\u00e9ga, une quarantaine d&#8217;acteurs nationaux impliqu\u00e9s dans le financement de la sant\u00e9 et la protection sociale en sant\u00e9 au Burundi. Deux s\u00e9quences ont meubl\u00e9 les travaux : d&#8217;abord la consolidation des donn\u00e9es et l&#8217;analyse des forces et faiblesses pour d\u00e9gager les d\u00e9fis; ensuite&#8230;<\/p>\n","protected":false},"author":1633,"featured_media":987528492,"comment_status":"closed","ping_status":"closed","template":"","meta":{"_et_pb_use_builder":"","_et_pb_old_content":"","_et_gb_content_width":""},"categories":[],"tags":[2833],"acf":[],"_links":{"self":[{"href":"https:\/\/p4h.world\/fr\/wp-json\/wp\/v2\/news\/987522487"}],"collection":[{"href":"https:\/\/p4h.world\/fr\/wp-json\/wp\/v2\/news"}],"about":[{"href":"https:\/\/p4h.world\/fr\/wp-json\/wp\/v2\/types\/news"}],"author":[{"embeddable":true,"href":"https:\/\/p4h.world\/fr\/wp-json\/wp\/v2\/users\/1633"}],"replies":[{"embeddable":true,"href":"https:\/\/p4h.world\/fr\/wp-json\/wp\/v2\/comments?post=987522487"}],"version-history":[{"count":0,"href":"https:\/\/p4h.world\/fr\/wp-json\/wp\/v2\/news\/987522487\/revisions"}],"wp:featuredmedia":[{"embeddable":true,"href":"https:\/\/p4h.world\/fr\/wp-json\/wp\/v2\/media\/987528492"}],"wp:attachment":[{"href":"https:\/\/p4h.world\/fr\/wp-json\/wp\/v2\/media?parent=987522487"}],"wp:term":[{"taxonomy":"category","embeddable":true,"href":"https:\/\/p4h.world\/fr\/wp-json\/wp\/v2\/categories?post=987522487"},{"taxonomy":"post_tag","embeddable":true,"href":"https:\/\/p4h.world\/fr\/wp-json\/wp\/v2\/tags?post=987522487"}],"curies":[{"name":"wp","href":"https:\/\/api.w.org\/{rel}","templated":true}]}}