{"id":987522507,"date":"2021-12-02T03:16:16","date_gmt":"2021-12-02T02:16:16","guid":{"rendered":"https:\/\/p4h.world\/news\/diabete-au-niger-plaidoyer-pour-un-acces-aux-soins\/"},"modified":"2023-03-02T09:50:59","modified_gmt":"2023-03-02T08:50:59","slug":"diabete-au-niger-plaidoyer-pour-un-acces-aux-soins","status":"publish","type":"news","link":"https:\/\/p4h.world\/fr\/news\/diabete-au-niger-plaidoyer-pour-un-acces-aux-soins\/","title":{"rendered":"Diab\u00e8te au Niger : Plaidoyer pour un acc\u00e8s aux soins"},"content":{"rendered":"<p>\u00ab&nbsp;L\u2019acc\u00e8s aux soins pour lutter contre le diab\u00e8te&nbsp;\u00bb, c&#8217;est le th\u00e8me retenu pour la comm\u00e9moration 2021 de&nbsp;la journ\u00e9e internationale de lutte contre le diab\u00e8te. A Niamey, la F\u00e9d\u00e9ration Internationale du Diab\u00e8te (FID) a une fois de plus a sacrifi\u00e9 \u00e0 la tradition et cette fois en pla\u00e7ant la comm\u00e9moration sous le signe d&#8217;un plaidoyer en faveur de l&#8217;acc\u00e8s aux soins des personnes diab\u00e9tiques.&nbsp;<\/p>\n<blockquote>\n<p>Combattre le diab\u00e8te est devenu une grande responsabilit\u00e9 pour les Gouvernements, les Organisations de la Soci\u00e9t\u00e9 Civile et pour le secteur de la sant\u00e9 en particulier.<\/p>\n<\/blockquote>\n<p>Plusieurs ONG se sont retrouv\u00e9es pour la comm\u00e9moration de la journ\u00e9e internationale, en parlant d&#8217;une m\u00eame voix pour une sensibilisation accrue et soutenue sur le diab\u00e8te. \u00ab&nbsp;Toutes couches sociales de la population&nbsp;sont vuln\u00e9rables aux facteurs de risque, qu\u2019il s\u2019agisse de la mauvaise alimentation, de la s\u00e9dentarit\u00e9, de l\u2019exposition \u00e0 la fum\u00e9e du tabac ou des effets de l\u2019usage nocif de l\u2019alcool&nbsp;\u00bb.&nbsp;<\/p>\n<p><a href=\"https:\/\/www.niameysoir.com\/sante-les-difficultes-dacces-aux-soins-pour-lutter-contre-le-diabete-sont-preoccupantes-au-niger\/\">Lire plus<\/a>.<\/p>\n<p>&nbsp;<\/p>\n","protected":false},"excerpt":{"rendered":"<p>\u00ab&nbsp;L\u2019acc\u00e8s aux soins pour lutter contre le diab\u00e8te&nbsp;\u00bb, c&#8217;est le th\u00e8me retenu pour la comm\u00e9moration 2021 de&nbsp;la journ\u00e9e internationale de lutte contre le diab\u00e8te. A Niamey, la F\u00e9d\u00e9ration Internationale du Diab\u00e8te (FID) a une fois de plus a sacrifi\u00e9 \u00e0 la tradition et cette fois en pla\u00e7ant la comm\u00e9moration sous le signe d&#8217;un plaidoyer en&#8230;<\/p>\n","protected":false},"author":1633,"featured_media":987528477,"comment_status":"closed","ping_status":"closed","template":"","meta":{"_et_pb_use_builder":"","_et_pb_old_content":"","_et_gb_content_width":""},"categories":[],"tags":[2473],"acf":[],"_links":{"self":[{"href":"https:\/\/p4h.world\/fr\/wp-json\/wp\/v2\/news\/987522507"}],"collection":[{"href":"https:\/\/p4h.world\/fr\/wp-json\/wp\/v2\/news"}],"about":[{"href":"https:\/\/p4h.world\/fr\/wp-json\/wp\/v2\/types\/news"}],"author":[{"embeddable":true,"href":"https:\/\/p4h.world\/fr\/wp-json\/wp\/v2\/users\/1633"}],"replies":[{"embeddable":true,"href":"https:\/\/p4h.world\/fr\/wp-json\/wp\/v2\/comments?post=987522507"}],"version-history":[{"count":0,"href":"https:\/\/p4h.world\/fr\/wp-json\/wp\/v2\/news\/987522507\/revisions"}],"wp:featuredmedia":[{"embeddable":true,"href":"https:\/\/p4h.world\/fr\/wp-json\/wp\/v2\/media\/987528477"}],"wp:attachment":[{"href":"https:\/\/p4h.world\/fr\/wp-json\/wp\/v2\/media?parent=987522507"}],"wp:term":[{"taxonomy":"category","embeddable":true,"href":"https:\/\/p4h.world\/fr\/wp-json\/wp\/v2\/categories?post=987522507"},{"taxonomy":"post_tag","embeddable":true,"href":"https:\/\/p4h.world\/fr\/wp-json\/wp\/v2\/tags?post=987522507"}],"curies":[{"name":"wp","href":"https:\/\/api.w.org\/{rel}","templated":true}]}}