{"id":987522554,"date":"2021-11-12T03:16:32","date_gmt":"2021-11-12T02:16:32","guid":{"rendered":"https:\/\/p4h.world\/news\/burkina-faso-19-000-milliards-de-francs-cfa-pour-une-croissance-forte-durable-et-inclusive\/"},"modified":"2023-03-02T09:51:52","modified_gmt":"2023-03-02T08:51:52","slug":"burkina-faso-19-000-milliards-de-francs-cfa-pour-une-croissance-forte-durable-et-inclusive","status":"publish","type":"news","link":"https:\/\/p4h.world\/fr\/news\/burkina-faso-19-000-milliards-de-francs-cfa-pour-une-croissance-forte-durable-et-inclusive\/","title":{"rendered":"Burkina Faso : 19 000 milliards de francs CFA pour une croissance forte, durable et inclusive !"},"content":{"rendered":"<p>Le Plan national de d\u00e9veloppement \u00e9conomique et social (PNDES-II) s\u2019inscrit dans la dynamique d\u2019une meilleure s\u00e9curisation des populations, la modernisation des conditions optimales pour l\u2019am\u00e9lioration du bien-\u00eatre des populations burkinab\u00e8 et l\u2019am\u00e9lioration du climat des affaires sur l\u2019ensemble du territoire national. Son objectif global est de &#8220;r\u00e9tablir la s\u00e9curit\u00e9 et la paix, de renforcer la r\u00e9silience de la nation et de transformer structurellement l\u2019\u00e9conomie burkinab\u00e8, pour une croissance forte, durable et inclusive&#8221;<\/p>\n<p>Le co\u00fbt global pr\u00e9vu pour la r\u00e9alisation du PNDES-II est estim\u00e9 \u00e0 plus de 19 000 milliards de francs CFA, soit un co\u00fbt annuel moyen de 3 806,1milliards de francs CFA. La part consacr\u00e9e aux d\u00e9penses d\u2019investissements y compris les transferts de capital est de 34,7% correspondant \u00e0 une enveloppe financi\u00e8re de 6 608,1 milliards de francs CFA, soit 1 321,6 milliards de francs CFA l\u2019an.&nbsp;<\/p>\n<p><strong>Les r\u00e9sultats attendus<\/strong><\/p>\n<p>A la fin de la mise en \u0153uvre du PNDES-II en 2025, sept impacts globaux sont attendus selon le gouvernement. Ce sont, entre autres&nbsp;: le renforcement de la paix, de la s\u00e9curit\u00e9, de la coh\u00e9sion sociale et de la r\u00e9silience du pays \u00e0 travers, le rel\u00e8vement \/r\u00e9insertion socio\u00e9conomique des Personnes d\u00e9plac\u00e9es internes (PDI) dont le taux passera de 7% en 2020 \u00e0 plus de 50% en 2025&nbsp;; la consolidation de la d\u00e9mocratie et l\u2019am\u00e9lioration de l\u2019efficacit\u00e9 des gouvernances politique, administrative, \u00e9conomique, financi\u00e8re, locale et environnementale.<\/p>\n<p>lan pr\u00e9voit aussi l\u2019am\u00e9lioration de l\u2019\u00e9tat de sant\u00e9 et des conditions de vie de la population, en faisant baisser le taux de mortalit\u00e9 infanto-juv\u00e9nile pour 1000 de 81,6 en 2015 \u00e0 75 en 2025, la r\u00e9duction du taux de pauvret\u00e9 de 41,4% en 2018 \u00e0 moins de 35% en 2025.<\/p>\n<p><a href=\"https:\/\/www.burkina24.com\/2021\/11\/08\/assemblee-nationale-le-pndes-ii-expose-aux-deputes\/\">Lire plus<\/a>.&nbsp;<\/p>\n","protected":false},"excerpt":{"rendered":"<p>Le Plan national de d\u00e9veloppement \u00e9conomique et social (PNDES-II) s\u2019inscrit dans la dynamique d\u2019une meilleure s\u00e9curisation des populations, la modernisation des conditions optimales pour l\u2019am\u00e9lioration du bien-\u00eatre des populations burkinab\u00e8 et l\u2019am\u00e9lioration du climat des affaires sur l\u2019ensemble du territoire national. Son objectif global est de &#8220;r\u00e9tablir la s\u00e9curit\u00e9 et la paix, de renforcer la&#8230;<\/p>\n","protected":false},"author":1633,"featured_media":987528519,"comment_status":"closed","ping_status":"closed","template":"","meta":{"_et_pb_use_builder":"","_et_pb_old_content":"","_et_gb_content_width":""},"categories":[],"tags":[2833],"acf":[],"_links":{"self":[{"href":"https:\/\/p4h.world\/fr\/wp-json\/wp\/v2\/news\/987522554"}],"collection":[{"href":"https:\/\/p4h.world\/fr\/wp-json\/wp\/v2\/news"}],"about":[{"href":"https:\/\/p4h.world\/fr\/wp-json\/wp\/v2\/types\/news"}],"author":[{"embeddable":true,"href":"https:\/\/p4h.world\/fr\/wp-json\/wp\/v2\/users\/1633"}],"replies":[{"embeddable":true,"href":"https:\/\/p4h.world\/fr\/wp-json\/wp\/v2\/comments?post=987522554"}],"version-history":[{"count":0,"href":"https:\/\/p4h.world\/fr\/wp-json\/wp\/v2\/news\/987522554\/revisions"}],"wp:featuredmedia":[{"embeddable":true,"href":"https:\/\/p4h.world\/fr\/wp-json\/wp\/v2\/media\/987528519"}],"wp:attachment":[{"href":"https:\/\/p4h.world\/fr\/wp-json\/wp\/v2\/media?parent=987522554"}],"wp:term":[{"taxonomy":"category","embeddable":true,"href":"https:\/\/p4h.world\/fr\/wp-json\/wp\/v2\/categories?post=987522554"},{"taxonomy":"post_tag","embeddable":true,"href":"https:\/\/p4h.world\/fr\/wp-json\/wp\/v2\/tags?post=987522554"}],"curies":[{"name":"wp","href":"https:\/\/api.w.org\/{rel}","templated":true}]}}